{"id":10349,"date":"2025-01-05T11:06:18","date_gmt":"2025-01-05T09:06:18","guid":{"rendered":"http:\/\/m-stil.covermagazin.com\/?p=10349"},"modified":"2025-10-08T14:30:00","modified_gmt":"2025-10-08T12:30:00","slug":"uz-sto-kombinirati-tamnoplavo-musko-odijelo","status":"publish","type":"post","link":"https:\/\/m-stil.covermagazin.com\/?p=10349","title":{"rendered":"Uz \u0161to kombinirati tamnoplavo mu\u0161ko odijelo?"},"content":{"rendered":"\n<figure class=\"wp-block-image size-large\"><a href=\"https:\/\/m-stil.covermagazin.com\/wp-content\/uploads\/2025\/01\/Uz-sto-kombinirati-tamnoplavo-musko-odijelo.jpg\"><img loading=\"lazy\" decoding=\"async\" width=\"1024\" height=\"683\" src=\"https:\/\/m-stil.covermagazin.com\/wp-content\/uploads\/2025\/01\/Uz-sto-kombinirati-tamnoplavo-musko-odijelo-1024x683.jpg\" alt=\"\" class=\"wp-image-39220\" srcset=\"https:\/\/m-stil.covermagazin.com\/wp-content\/uploads\/2025\/01\/Uz-sto-kombinirati-tamnoplavo-musko-odijelo-1024x683.jpg 1024w, https:\/\/m-stil.covermagazin.com\/wp-content\/uploads\/2025\/01\/Uz-sto-kombinirati-tamnoplavo-musko-odijelo-300x200.jpg 300w, https:\/\/m-stil.covermagazin.com\/wp-content\/uploads\/2025\/01\/Uz-sto-kombinirati-tamnoplavo-musko-odijelo-768x512.jpg 768w, https:\/\/m-stil.covermagazin.com\/wp-content\/uploads\/2025\/01\/Uz-sto-kombinirati-tamnoplavo-musko-odijelo.jpg 1200w\" sizes=\"auto, (max-width: 1024px) 100vw, 1024px\" \/><\/a><\/figure>\n\n\n\n<h2 class=\"wp-block-heading\">Uz \u0161to kombinirati tamnoplavo mu\u0161ko odijelo?<\/h2>\n\n\n\n<p>Ukoliko vam treba ili \u017eelite odjenuti tamno odijelo, ali ne crno, dobar izbor je tamnoplavo. Ovisno o prilici mo\u017eete izabrati tamnoplavo odijelo s prugama ili bez. Tamnoplavo odijelo je najbli\u017ee crnom po pitanju elegancije, a opet je druga\u010dije. Tamnoplavo odijelo mo\u017ee biti izbor za sve\u010dane prilike, ali i za svaki dan u uredu. Pri tome se razliku ostali elementi koje kombinirate s tamnoplavim odijelom, kao i materijal, nijansa te zavr\u0161na obrada odijela. Tamnije i sjajnije odijelo \u0107e djelovati sve\u010danije, dok svjetlija i s izra\u017eenom teksturom odijela djeluju le\u017eernije. To je neko osnovno pravilo, od njega postoje iznimke, ali ako niste sigurni mo\u017eete na taj na\u010din birati odijelo. <\/p>\n\n\n\n<p>Op\u0107enito su plava odijela popularan izbor, ljeti ne\u0161to svjetlija, zimi uglavnom tamnija. <\/p>\n\n\n\n<p>Ukoliko vam treba elegantan stil, ali ne pretjerano ozbiljan kombinirajte tamnoplavo odijelo sa sme\u0111im cipelama i sme\u0111om kravatom.<\/p>\n\n\n\n<p>Neko od popularnih kombinacija s tamnoplavim odijelom su:<\/p>\n\n\n\n<ul class=\"wp-block-list\">\n<li>sme\u0111e cipele<\/li>\n\n\n\n<li>sme\u0111a torba<\/li>\n<\/ul>\n\n\n\n<p>Uz ovakvo odijelo za hladnije i ki\u0161no vrijeme dobar izbor je be\u017e baloner.<\/p>\n\n\n\n<p>Plava odijelu uz siva i crna, jedan od klasika. Plava boja na odijelima je elegantna, a istovremeno i casual.<\/p>\n\n\n\n<p>Plava boja se mo\u017ee dobro kombinirati s brojnim bojama, \u0161to je tako\u0111er prednost plavog odijela.<\/p>\n\n\n\n<p>S obzirom da je plavo odijelo klasika koja se mo\u017ee izabrati u razli\u010ditim prilikama, osnovno pravilo kombiniranja plavog odijela s ostalim elementima ovisi o situaciji, odnosno u kakvoj prilici nosite to odijelo.<\/p>\n\n\n\n<p>Za ne\u0161to le\u017eerniji stil plavi sako se mo\u017ee kombinirati s trapericama ili hla\u010dama u drugoj boji.<\/p>\n\n\n\n<h3 class=\"wp-block-heading\">Plavo mu\u0161ko odijelo<\/h3>\n\n\n\n<p>Iako je tamno plava boja jako popularna, budu\u0107i da odijelo u toj boji je odli\u010dan izbor za strogo poslovne i elegantne prilike, i ostale boje su tako\u0111er dobar izbor. Dok je tamno plavo mu\u0161ko odijelo popularno jer je neutralno i poslovno, a stil se mo\u017ee pokazati odabirom kravate i ko\u0161ulje, ostale nijanse plave boje su ipak ne\u0161to le\u017eernije, te dobar izbor i za situacije kada se ne nosi kravate.<\/p>\n\n\n\n<p>Uz plavo odijelo osim ko\u0161ulja mogu se kombinirati i majice. <\/p>\n\n\n\n<h3 class=\"wp-block-heading\">Cipele uz plavo mu\u0161ko odijelo<\/h3>\n\n\n\n<p>Uz plavo mu\u0161ko odijelo mo\u017ee se kombinirati razli\u010dita obu\u0107a: <\/p>\n\n\n\n<ul class=\"wp-block-list\">\n<li>crne ili sme\u0111e cipele za poslovan ili elegantan stil<\/li>\n\n\n\n<li>ko\u017ene cipele su za elegantniji dojam (ili strogo poslovni stil)<\/li>\n\n\n\n<li>cipele od bru\u0161ene ko\u017ee ili tenisice za opu\u0161teniji poslovni dojam, ali i za neke sve\u010dane prilike<\/li>\n<\/ul>\n\n\n\n<h3 class=\"wp-block-heading\">Ko\u0161ulja uz plavo mu\u0161ko odijelo<\/h3>\n\n\n\n<p>Izbor ko\u0161ulje mo\u017ee biti zaista razli\u010dit, ovisno o prigodi i \u017eelji za pokazivanjem stila.  Neke od ideja su: <\/p>\n\n\n\n<ul class=\"wp-block-list\">\n<li>bijela za sve\u010dane i strogo poslovne prilike<\/li>\n\n\n\n<li>jednobojne ili s neupe\u010datljivim uzorkom za poslovne situacije ili one koje nisu strogo sve\u010dane<\/li>\n<\/ul>\n\n\n\n<h3 class=\"wp-block-heading\">Kravata uz plavo odijelo<\/h3>\n\n\n\n<p>Ve\u0107 smo spomenuli da se plava boja sla\u017ee s mnogim bojama, tako da kod izbora kravate opcija je zaista mnogo. Boje mogu biti neutralne, nijanse plave s raznim uzorcima, ljubi\u010dasta, bordo&#8230;<\/p>\n\n\n\n<p>Osim boje u obratite pa\u017enju i na teksture, koje se tako\u0111er trebaju slagati.<\/p>\n\n\n\n<p>Svilene kravate su klasika, te uobi\u010dajen izbor uz plavo odijelo. Sa svilenom kravatom je te\u0161ko pogrije\u0161iti. One su elegantne i poslovne.<\/p>\n\n\n\n<p>Plavo odijelo s plavo bijelom prugastom kravatom je ne\u0161to s \u010dim je te\u0161ko pogrije\u0161iti. Odli\u010dan izbor za ured.<\/p>\n\n\n\n<p>Za ne\u0161to le\u017eerniji dojam mo\u017eete izabrati pletenu kravatu ili kravatu druga\u010dije teksture. One su dobar izbor za neki le\u017eerniji look, izlaske i sli\u010dno.<\/p>\n\n\n\n<p>Izra\u017eavanje osobnosti, raspolo\u017eenja, ili jednostavno ne\u0161to promjene mo\u017eete u look unijeti izborom kravata s uzorkom. Geometrijski uzorak, ali i cvjetni dobro se sla\u017eu sa srednje tamnim plavim odijelom.<\/p>\n\n\n\n<p>Tanke kravate su izbor za moderniji stil, kao i za izlaske.<\/p>\n\n\n\n<p><\/p>\n","protected":false},"excerpt":{"rendered":"<p>Uz \u0161to kombinirati tamnoplavo mu\u0161ko odijelo? Ukoliko vam treba ili \u017eelite odjenuti tamno odijelo, ali ne crno, dobar izbor je tamnoplavo. Ovisno o prilici mo\u017eete izabrati tamnoplavo odijelo s prugama ili bez. Tamnoplavo odijelo je najbli\u017ee crnom po pitanju elegancije, a opet je druga\u010dije. Tamnoplavo odijelo mo\u017ee biti izbor za sve\u010dane prilike, ali i za [&hellip;]<\/p>\n","protected":false},"author":3,"featured_media":39220,"comment_status":"open","ping_status":"open","sticky":false,"template":"","format":"standard","meta":{"footnotes":""},"categories":[942,8],"tags":[869,183,807,46,932,194,93,854],"class_list":["post-10349","post","type-post","status-publish","format-standard","has-post-thumbnail","hentry","category-m-stil-2018","category-muska_moda","tag-armani-muska-odijela","tag-ford","tag-modna-pravila-za-muskarce","tag-muska-moda","tag-muski-portal","tag-muski-sako","tag-musko-odijelo","tag-portal-za-muskarce"],"_links":{"self":[{"href":"https:\/\/m-stil.covermagazin.com\/index.php?rest_route=\/wp\/v2\/posts\/10349","targetHints":{"allow":["GET"]}}],"collection":[{"href":"https:\/\/m-stil.covermagazin.com\/index.php?rest_route=\/wp\/v2\/posts"}],"about":[{"href":"https:\/\/m-stil.covermagazin.com\/index.php?rest_route=\/wp\/v2\/types\/post"}],"author":[{"embeddable":true,"href":"https:\/\/m-stil.covermagazin.com\/index.php?rest_route=\/wp\/v2\/users\/3"}],"replies":[{"embeddable":true,"href":"https:\/\/m-stil.covermagazin.com\/index.php?rest_route=%2Fwp%2Fv2%2Fcomments&post=10349"}],"version-history":[{"count":17,"href":"https:\/\/m-stil.covermagazin.com\/index.php?rest_route=\/wp\/v2\/posts\/10349\/revisions"}],"predecessor-version":[{"id":39221,"href":"https:\/\/m-stil.covermagazin.com\/index.php?rest_route=\/wp\/v2\/posts\/10349\/revisions\/39221"}],"wp:featuredmedia":[{"embeddable":true,"href":"https:\/\/m-stil.covermagazin.com\/index.php?rest_route=\/wp\/v2\/media\/39220"}],"wp:attachment":[{"href":"https:\/\/m-stil.covermagazin.com\/index.php?rest_route=%2Fwp%2Fv2%2Fmedia&parent=10349"}],"wp:term":[{"taxonomy":"category","embeddable":true,"href":"https:\/\/m-stil.covermagazin.com\/index.php?rest_route=%2Fwp%2Fv2%2Fcategories&post=10349"},{"taxonomy":"post_tag","embeddable":true,"href":"https:\/\/m-stil.covermagazin.com\/index.php?rest_route=%2Fwp%2Fv2%2Ftags&post=10349"}],"curies":[{"name":"wp","href":"https:\/\/api.w.org\/{rel}","templated":true}]}}