{"id":10380,"date":"2010-03-15T11:08:33","date_gmt":"2010-03-15T09:08:33","guid":{"rendered":"http:\/\/m-stil.covermagazin.com\/?p=10380"},"modified":"2010-03-18T11:25:43","modified_gmt":"2010-03-18T09:25:43","slug":"toshiba-tablet-racunalo","status":"publish","type":"post","link":"https:\/\/m-stil.covermagazin.com\/?p=10380","title":{"rendered":"Toshiba tablet ra\u010dunalo"},"content":{"rendered":"<p><a href=\"http:\/\/m-stil.covermagazin.com\/wp-content\/uploads\/2010\/03\/Toshiba-tablet-ra\u010dunalo.jpg\"><img loading=\"lazy\" decoding=\"async\" class=\"aligncenter size-full wp-image-10381\" title=\"Toshiba-tablet-ra\u010dunalo\" src=\"http:\/\/m-stil.covermagazin.com\/wp-content\/uploads\/2010\/03\/Toshiba-tablet-ra\u010dunalo.jpg\" alt=\"Toshiba-tablet-ra\u010dunalo\" width=\"575\" height=\"324\" \/><\/a><\/p>\n<p>Pretpostavlja se da \u0107e tablet ra\u010dunala biti jedan od glavnih novih trendova. Stoga se i Toshiba odlu\u010dila aktivirati te je najavila da do kraja 2010. i po\u010detkom 2011. namjerava predstaviti nekoliko tablet ra\u010dunala.\u00a0 Iako se jo\u0161 ne znaju detaljnije informacije iz Toshibe su pokazali odlu\u010dnost za uklju\u010divanje u ovo tr\u017ei\u0161te.<\/p>\n<p>Jeff Barneya iz Toshibe izjavio je : \u201eBila bi pogre\u0161ka kada bi se\u00a0 ova nova kategorija ra\u010dunala podcijenil. Na nju treba gledati kao na novu liniju proizvoda koja \u0107e pomo\u0107i rastu na\u0161e industrije.\u201c<\/p>\n","protected":false},"excerpt":{"rendered":"<p>Pretpostavlja se da \u0107e tablet ra\u010dunala biti jedan od glavnih novih trendova. Stoga se i Toshiba odlu\u010dila aktivirati te je najavila da do kraja 2010. i po\u010detkom 2011. namjerava predstaviti nekoliko&#8230;<\/p>\n","protected":false},"author":3,"featured_media":0,"comment_status":"open","ping_status":"open","sticky":false,"template":"","format":"standard","meta":{"footnotes":""},"categories":[12],"tags":[],"class_list":["post-10380","post","type-post","status-publish","format-standard","hentry","category-tehno"],"_links":{"self":[{"href":"https:\/\/m-stil.covermagazin.com\/index.php?rest_route=\/wp\/v2\/posts\/10380","targetHints":{"allow":["GET"]}}],"collection":[{"href":"https:\/\/m-stil.covermagazin.com\/index.php?rest_route=\/wp\/v2\/posts"}],"about":[{"href":"https:\/\/m-stil.covermagazin.com\/index.php?rest_route=\/wp\/v2\/types\/post"}],"author":[{"embeddable":true,"href":"https:\/\/m-stil.covermagazin.com\/index.php?rest_route=\/wp\/v2\/users\/3"}],"replies":[{"embeddable":true,"href":"https:\/\/m-stil.covermagazin.com\/index.php?rest_route=%2Fwp%2Fv2%2Fcomments&post=10380"}],"version-history":[{"count":5,"href":"https:\/\/m-stil.covermagazin.com\/index.php?rest_route=\/wp\/v2\/posts\/10380\/revisions"}],"predecessor-version":[{"id":10384,"href":"https:\/\/m-stil.covermagazin.com\/index.php?rest_route=\/wp\/v2\/posts\/10380\/revisions\/10384"}],"wp:attachment":[{"href":"https:\/\/m-stil.covermagazin.com\/index.php?rest_route=%2Fwp%2Fv2%2Fmedia&parent=10380"}],"wp:term":[{"taxonomy":"category","embeddable":true,"href":"https:\/\/m-stil.covermagazin.com\/index.php?rest_route=%2Fwp%2Fv2%2Fcategories&post=10380"},{"taxonomy":"post_tag","embeddable":true,"href":"https:\/\/m-stil.covermagazin.com\/index.php?rest_route=%2Fwp%2Fv2%2Ftags&post=10380"}],"curies":[{"name":"wp","href":"https:\/\/api.w.org\/{rel}","templated":true}]}}