{"id":10486,"date":"2010-03-18T11:05:41","date_gmt":"2010-03-18T09:05:41","guid":{"rendered":"http:\/\/m-stil.covermagazin.com\/?p=10486"},"modified":"2024-10-10T19:26:35","modified_gmt":"2024-10-10T17:26:35","slug":"gqbycitroen","status":"publish","type":"post","link":"https:\/\/m-stil.covermagazin.com\/?p=10486","title":{"rendered":"GQbyCitroen"},"content":{"rendered":"<p>Citroen su udru\u017eio s mu\u0161kim \u010dasopisom GQ u dizajniranju novog konceptnog automobila jednostavnog naziva GQbyCitroen.<\/p>\n<p>Kako bi trebao izgledati automobil nastavo iz ove neobi\u010dne suradnje pogledajte ispod:<\/p>\n<p><a href=\"http:\/\/m-stil.covermagazin.com\/wp-content\/uploads\/2010\/03\/GQbyCitroen-1.jpg\"><img loading=\"lazy\" decoding=\"async\" class=\"aligncenter size-full wp-image-10487\" title=\"GQbyCitroen-1\" src=\"http:\/\/m-stil.covermagazin.com\/wp-content\/uploads\/2010\/03\/GQbyCitroen-1.jpg\" alt=\"GQbyCitroen-1\" width=\"575\" height=\"250\" \/><\/a><\/p>\n<p><a href=\"http:\/\/m-stil.covermagazin.com\/wp-content\/uploads\/2010\/03\/GQbyCitroen-2.jpg\"><img loading=\"lazy\" decoding=\"async\" class=\"aligncenter size-full wp-image-10488\" title=\"GQbyCitroen-2\" src=\"http:\/\/m-stil.covermagazin.com\/wp-content\/uploads\/2010\/03\/GQbyCitroen-2.jpg\" alt=\"GQbyCitroen-2\" width=\"575\" height=\"250\" \/><\/a><\/p>\n<p><a href=\"http:\/\/m-stil.covermagazin.com\/wp-content\/uploads\/2010\/03\/GQbyCitroen-3.jpg\"><img loading=\"lazy\" decoding=\"async\" class=\"aligncenter size-full wp-image-10489\" title=\"GQbyCitroen-3\" src=\"http:\/\/m-stil.covermagazin.com\/wp-content\/uploads\/2010\/03\/GQbyCitroen-3.jpg\" alt=\"GQbyCitroen-3\" width=\"575\" height=\"250\" \/><\/a><\/p>\n<p><a href=\"http:\/\/m-stil.covermagazin.com\/wp-content\/uploads\/2010\/03\/GQbyCitroen-4.jpg\"><img loading=\"lazy\" decoding=\"async\" class=\"aligncenter size-full wp-image-10490\" title=\"GQbyCitroen-4\" src=\"http:\/\/m-stil.covermagazin.com\/wp-content\/uploads\/2010\/03\/GQbyCitroen-4.jpg\" alt=\"GQbyCitroen-4\" width=\"575\" height=\"250\" \/><\/a><\/p>\n<p><a href=\"http:\/\/m-stil.covermagazin.com\/wp-content\/uploads\/2010\/03\/GQbyCitroen-5.jpg\"><img loading=\"lazy\" decoding=\"async\" class=\"aligncenter size-full wp-image-10491\" title=\"GQbyCitroen-5\" src=\"http:\/\/m-stil.covermagazin.com\/wp-content\/uploads\/2010\/03\/GQbyCitroen-5.jpg\" alt=\"GQbyCitroen-5\" width=\"575\" height=\"352\" \/><\/a><\/p>\n","protected":false},"excerpt":{"rendered":"<p>Citroen su udru\u017eio s mu\u0161kim \u010dasopisom GQ u dizajniranju novog konceptnog automobila jednostavnog naziva GQbyCitroen.<br \/>\nKako bi&#8230;<\/p>\n","protected":false},"author":3,"featured_media":0,"comment_status":"open","ping_status":"open","sticky":false,"template":"","format":"standard","meta":{"footnotes":""},"categories":[134],"tags":[336],"class_list":["post-10486","post","type-post","status-publish","format-standard","hentry","category-slike_automobila","tag-citroen"],"_links":{"self":[{"href":"https:\/\/m-stil.covermagazin.com\/index.php?rest_route=\/wp\/v2\/posts\/10486","targetHints":{"allow":["GET"]}}],"collection":[{"href":"https:\/\/m-stil.covermagazin.com\/index.php?rest_route=\/wp\/v2\/posts"}],"about":[{"href":"https:\/\/m-stil.covermagazin.com\/index.php?rest_route=\/wp\/v2\/types\/post"}],"author":[{"embeddable":true,"href":"https:\/\/m-stil.covermagazin.com\/index.php?rest_route=\/wp\/v2\/users\/3"}],"replies":[{"embeddable":true,"href":"https:\/\/m-stil.covermagazin.com\/index.php?rest_route=%2Fwp%2Fv2%2Fcomments&post=10486"}],"version-history":[{"count":6,"href":"https:\/\/m-stil.covermagazin.com\/index.php?rest_route=\/wp\/v2\/posts\/10486\/revisions"}],"predecessor-version":[{"id":10661,"href":"https:\/\/m-stil.covermagazin.com\/index.php?rest_route=\/wp\/v2\/posts\/10486\/revisions\/10661"}],"wp:attachment":[{"href":"https:\/\/m-stil.covermagazin.com\/index.php?rest_route=%2Fwp%2Fv2%2Fmedia&parent=10486"}],"wp:term":[{"taxonomy":"category","embeddable":true,"href":"https:\/\/m-stil.covermagazin.com\/index.php?rest_route=%2Fwp%2Fv2%2Fcategories&post=10486"},{"taxonomy":"post_tag","embeddable":true,"href":"https:\/\/m-stil.covermagazin.com\/index.php?rest_route=%2Fwp%2Fv2%2Ftags&post=10486"}],"curies":[{"name":"wp","href":"https:\/\/api.w.org\/{rel}","templated":true}]}}