{"id":14101,"date":"2010-10-22T11:15:19","date_gmt":"2010-10-22T09:15:19","guid":{"rendered":"http:\/\/m-stil.covermagazin.com\/?p=14101"},"modified":"2020-11-22T12:37:51","modified_gmt":"2020-11-22T10:37:51","slug":"muska-kozna-jakna-za-jesen-2010","status":"publish","type":"post","link":"https:\/\/m-stil.covermagazin.com\/?p=14101","title":{"rendered":"Mu\u0161ka ko\u017ena jakna za jesen"},"content":{"rendered":"<p style=\"padding-left: 30px;\"><a href=\"http:\/\/m-stil.covermagazin.com\/wp-content\/uploads\/2010\/10\/jakna.jpg\">\u00a0<\/a><\/p>\n<p>Ko\u017ene bikerske jakne predstavljene su na mnogim revijama za sezonu jesen. Idealne su za urbane mu\u0161karce i casual look.<\/p>\n<p>Obavezan modni dodatak su zatvara\u010di na jaknama, \u0161to vi\u0161e njih to bolje. Najbolji izbor ove sezone su crne ko\u017ene jakne.<\/p>\n<p>Michael Bastian<\/p>\n<p><a href=\"http:\/\/m-stil.covermagazin.com\/wp-content\/uploads\/2010\/10\/Michael-Bastian.jpg\"><img loading=\"lazy\" decoding=\"async\" class=\"aligncenter size-full wp-image-14102\" title=\"Michael Bastian Mu\u0161ka ko\u017ena jakna za jesen 2010.\" src=\"http:\/\/m-stil.covermagazin.com\/wp-content\/uploads\/2010\/10\/Michael-Bastian.jpg\" alt=\"\" width=\"409\" height=\"516\" \/><\/a><\/p>\n<p>Simon Spurr<br \/>\n<a href=\"http:\/\/m-stil.covermagazin.com\/wp-content\/uploads\/2010\/10\/Simon-Spurr.jpg\"><img loading=\"lazy\" decoding=\"async\" class=\"aligncenter size-full wp-image-14103\" title=\"Simon Spurr Mu\u0161ka ko\u017ena jakna za jesen 2010.\" src=\"http:\/\/m-stil.covermagazin.com\/wp-content\/uploads\/2010\/10\/Simon-Spurr.jpg\" alt=\"\" width=\"409\" height=\"516\" \/><\/a><\/p>\n<p>William Rast<\/p>\n<p><a href=\"http:\/\/m-stil.covermagazin.com\/wp-content\/uploads\/2010\/10\/William-Rast.jpg\"><img loading=\"lazy\" decoding=\"async\" class=\"aligncenter size-full wp-image-14104\" title=\"William Rast Mu\u0161ka ko\u017ena jakna za jesen 2010.\" src=\"http:\/\/m-stil.covermagazin.com\/wp-content\/uploads\/2010\/10\/William-Rast.jpg\" alt=\"\" width=\"409\" height=\"516\" \/><\/a><\/p>\n<p>Roberto Cavalli<br \/>\n<a href=\"http:\/\/m-stil.covermagazin.com\/wp-content\/uploads\/2010\/10\/Roberto-Cavalli.jpg\"><img loading=\"lazy\" decoding=\"async\" class=\"aligncenter size-full wp-image-14105\" title=\"Roberto Cavalli\" src=\"http:\/\/m-stil.covermagazin.com\/wp-content\/uploads\/2010\/10\/Roberto-Cavalli.jpg\" alt=\"\" width=\"409\" height=\"516\" \/><\/a><\/p>\n<p>Jean Paul Gaultier<\/p>\n<p><a href=\"http:\/\/m-stil.covermagazin.com\/wp-content\/uploads\/2010\/10\/Jean-Paul-Gaultier.jpg\"><img loading=\"lazy\" decoding=\"async\" class=\"aligncenter size-full wp-image-14106\" title=\"Jean Paul Gaultier\" src=\"http:\/\/m-stil.covermagazin.com\/wp-content\/uploads\/2010\/10\/Jean-Paul-Gaultier.jpg\" alt=\"\" width=\"409\" height=\"516\" \/><\/a><\/p>\n","protected":false},"excerpt":{"rendered":"<p>Ko\u017ene bikerske jakne predstavljene su na mnogim revijama za sezonu jesen&#8230;<\/p>\n","protected":false},"author":3,"featured_media":0,"comment_status":"open","ping_status":"open","sticky":false,"template":"","format":"standard","meta":{"footnotes":""},"categories":[8],"tags":[213,363],"class_list":["post-14101","post","type-post","status-publish","format-standard","hentry","category-muska_moda","tag-muska-odjeca","tag-muska-jakna"],"_links":{"self":[{"href":"https:\/\/m-stil.covermagazin.com\/index.php?rest_route=\/wp\/v2\/posts\/14101","targetHints":{"allow":["GET"]}}],"collection":[{"href":"https:\/\/m-stil.covermagazin.com\/index.php?rest_route=\/wp\/v2\/posts"}],"about":[{"href":"https:\/\/m-stil.covermagazin.com\/index.php?rest_route=\/wp\/v2\/types\/post"}],"author":[{"embeddable":true,"href":"https:\/\/m-stil.covermagazin.com\/index.php?rest_route=\/wp\/v2\/users\/3"}],"replies":[{"embeddable":true,"href":"https:\/\/m-stil.covermagazin.com\/index.php?rest_route=%2Fwp%2Fv2%2Fcomments&post=14101"}],"version-history":[{"count":10,"href":"https:\/\/m-stil.covermagazin.com\/index.php?rest_route=\/wp\/v2\/posts\/14101\/revisions"}],"predecessor-version":[{"id":35468,"href":"https:\/\/m-stil.covermagazin.com\/index.php?rest_route=\/wp\/v2\/posts\/14101\/revisions\/35468"}],"wp:attachment":[{"href":"https:\/\/m-stil.covermagazin.com\/index.php?rest_route=%2Fwp%2Fv2%2Fmedia&parent=14101"}],"wp:term":[{"taxonomy":"category","embeddable":true,"href":"https:\/\/m-stil.covermagazin.com\/index.php?rest_route=%2Fwp%2Fv2%2Fcategories&post=14101"},{"taxonomy":"post_tag","embeddable":true,"href":"https:\/\/m-stil.covermagazin.com\/index.php?rest_route=%2Fwp%2Fv2%2Ftags&post=14101"}],"curies":[{"name":"wp","href":"https:\/\/api.w.org\/{rel}","templated":true}]}}