{"id":14475,"date":"2010-11-11T14:06:36","date_gmt":"2010-11-11T12:06:36","guid":{"rendered":"http:\/\/m-stil.covermagazin.com\/?p=14475"},"modified":"2024-10-10T20:06:21","modified_gmt":"2024-10-10T18:06:21","slug":"kabriolet-golf-vi","status":"publish","type":"post","link":"https:\/\/m-stil.covermagazin.com\/?p=14475","title":{"rendered":"Kabriolet Golf VI"},"content":{"rendered":"<p style=\"text-align: left;\"><a href=\"http:\/\/m-stil.covermagazin.com\/wp-content\/uploads\/2010\/11\/Kabriolet-Golf-VI.jpg\"><img loading=\"lazy\" decoding=\"async\" class=\"size-full wp-image-14476 aligncenter\" title=\"Kabriolet Golf VI\" src=\"http:\/\/m-stil.covermagazin.com\/wp-content\/uploads\/2010\/11\/Kabriolet-Golf-VI.jpg\" alt=\"\" width=\"575\" height=\"368\" \/><\/a><\/p>\n<p>Iako se ve\u0107 neko vrijeme naga\u0111a, sve je izglednije da \u0107e se pojaviti i kabriolet verzija novog Golfa. Martin Winterkorn, predsjednik odbora VW, rekao je kako bi \u017eelio vidjeti kabriolet verziju \u0161este generacije Glofa.<\/p>\n<p>O\u010dekuje se da \u0107e se na prolje\u0107e sljede\u0107e godine znati vi\u0161e o kabriolet Glofu VI.<\/p>\n","protected":false},"excerpt":{"rendered":"<p>Iako se ve\u0107 neko vrijeme naga\u0111a, sve je izglednije da \u0107e se pojaviti i kabriolet verzija novog Golfa. Martin Winterkorn, predsjednik odbora VW, rekao je kako bi \u017eelio vidjeti kabriolet&#8230;<\/p>\n","protected":false},"author":3,"featured_media":0,"comment_status":"open","ping_status":"open","sticky":false,"template":"","format":"standard","meta":{"footnotes":""},"categories":[134],"tags":[289],"class_list":["post-14475","post","type-post","status-publish","format-standard","hentry","category-slike_automobila","tag-volkswagen"],"_links":{"self":[{"href":"https:\/\/m-stil.covermagazin.com\/index.php?rest_route=\/wp\/v2\/posts\/14475","targetHints":{"allow":["GET"]}}],"collection":[{"href":"https:\/\/m-stil.covermagazin.com\/index.php?rest_route=\/wp\/v2\/posts"}],"about":[{"href":"https:\/\/m-stil.covermagazin.com\/index.php?rest_route=\/wp\/v2\/types\/post"}],"author":[{"embeddable":true,"href":"https:\/\/m-stil.covermagazin.com\/index.php?rest_route=\/wp\/v2\/users\/3"}],"replies":[{"embeddable":true,"href":"https:\/\/m-stil.covermagazin.com\/index.php?rest_route=%2Fwp%2Fv2%2Fcomments&post=14475"}],"version-history":[{"count":5,"href":"https:\/\/m-stil.covermagazin.com\/index.php?rest_route=\/wp\/v2\/posts\/14475\/revisions"}],"predecessor-version":[{"id":14684,"href":"https:\/\/m-stil.covermagazin.com\/index.php?rest_route=\/wp\/v2\/posts\/14475\/revisions\/14684"}],"wp:attachment":[{"href":"https:\/\/m-stil.covermagazin.com\/index.php?rest_route=%2Fwp%2Fv2%2Fmedia&parent=14475"}],"wp:term":[{"taxonomy":"category","embeddable":true,"href":"https:\/\/m-stil.covermagazin.com\/index.php?rest_route=%2Fwp%2Fv2%2Fcategories&post=14475"},{"taxonomy":"post_tag","embeddable":true,"href":"https:\/\/m-stil.covermagazin.com\/index.php?rest_route=%2Fwp%2Fv2%2Ftags&post=14475"}],"curies":[{"name":"wp","href":"https:\/\/api.w.org\/{rel}","templated":true}]}}