{"id":15204,"date":"2010-12-20T23:52:44","date_gmt":"2010-12-20T21:52:44","guid":{"rendered":"http:\/\/m-stil.covermagazin.com\/?p=15204"},"modified":"2024-10-10T19:44:00","modified_gmt":"2024-10-10T17:44:00","slug":"moderno-musko-odijelo-za-zimu","status":"publish","type":"post","link":"https:\/\/m-stil.covermagazin.com\/?p=15204","title":{"rendered":"Moderno mu\u0161ko odijelo za zimu"},"content":{"rendered":"<p>I mu\u0161ka odijela se prilago\u0111avaju godi\u0161njem dobu, tako su zimska uglavnom toplija i od debljih materijala. Ove sezone je posebno moderan tvid.<\/p>\n<p>\u0160to se ti\u010de uzoraka moderni su karirani. Vjerojatno \u0107e mnogi odmah pomisliti kako karirani uzorci nisu njihov stil i da su previ\u0161e agresivni za njihov ukus. No, ne trebate pretjerivati ili izgledati smije\u0161no. Neka uzorak bude decentan.<\/p>\n<p>Canali<br \/>\n<a href=\"http:\/\/m-stil.covermagazin.com\/wp-content\/uploads\/2010\/12\/Canali.jpg\"><img loading=\"lazy\" decoding=\"async\" class=\"aligncenter size-full wp-image-15205\" title=\"Canali Moderno mu\u0161ko odijelo za zimu\" src=\"http:\/\/m-stil.covermagazin.com\/wp-content\/uploads\/2010\/12\/Canali.jpg\" alt=\"\" width=\"409\" height=\"516\" \/><\/a><br \/>\nDKNY<\/p>\n<p><a href=\"http:\/\/m-stil.covermagazin.com\/wp-content\/uploads\/2010\/12\/DKNY.jpg\"><img loading=\"lazy\" decoding=\"async\" class=\"aligncenter size-full wp-image-15206\" title=\"DKNY Moderno mu\u0161ko odijelo za zimu\" src=\"http:\/\/m-stil.covermagazin.com\/wp-content\/uploads\/2010\/12\/DKNY.jpg\" alt=\"\" width=\"409\" height=\"516\" \/><\/a><\/p>\n<p>Dunhill<\/p>\n<p><a href=\"http:\/\/m-stil.covermagazin.com\/wp-content\/uploads\/2010\/12\/Dunhill.jpg\"><img loading=\"lazy\" decoding=\"async\" class=\"aligncenter size-full wp-image-15207\" title=\"Dunhill Moderno mu\u0161ko odijelo za zimu\" src=\"http:\/\/m-stil.covermagazin.com\/wp-content\/uploads\/2010\/12\/Dunhill.jpg\" alt=\"\" width=\"409\" height=\"516\" \/><\/a><\/p>\n<p>Dunhill<\/p>\n<p><a href=\"http:\/\/m-stil.covermagazin.com\/wp-content\/uploads\/2010\/12\/Dunhill-2.jpg\"><img loading=\"lazy\" decoding=\"async\" class=\"aligncenter size-full wp-image-15208\" title=\"Dunhill-2\" src=\"http:\/\/m-stil.covermagazin.com\/wp-content\/uploads\/2010\/12\/Dunhill-2.jpg\" alt=\"\" width=\"409\" height=\"516\" \/><\/a><\/p>\n","protected":false},"excerpt":{"rendered":"<p>I mu\u0161ka odijela se prilago\u0111avaju godi\u0161njem dobu, tako su zimska uglavnom toplija i od debljih materijala. Ove sezone je posebno moderan tvid.<br \/>\n\u0160to se ti\u010de uzoraka moderni su karirani&#8230;<\/p>\n","protected":false},"author":3,"featured_media":0,"comment_status":"open","ping_status":"open","sticky":false,"template":"","format":"standard","meta":{"footnotes":""},"categories":[8],"tags":[213,46,93],"class_list":["post-15204","post","type-post","status-publish","format-standard","hentry","category-muska_moda","tag-muska-odjeca","tag-muska-moda","tag-musko-odijelo"],"_links":{"self":[{"href":"https:\/\/m-stil.covermagazin.com\/index.php?rest_route=\/wp\/v2\/posts\/15204","targetHints":{"allow":["GET"]}}],"collection":[{"href":"https:\/\/m-stil.covermagazin.com\/index.php?rest_route=\/wp\/v2\/posts"}],"about":[{"href":"https:\/\/m-stil.covermagazin.com\/index.php?rest_route=\/wp\/v2\/types\/post"}],"author":[{"embeddable":true,"href":"https:\/\/m-stil.covermagazin.com\/index.php?rest_route=\/wp\/v2\/users\/3"}],"replies":[{"embeddable":true,"href":"https:\/\/m-stil.covermagazin.com\/index.php?rest_route=%2Fwp%2Fv2%2Fcomments&post=15204"}],"version-history":[{"count":9,"href":"https:\/\/m-stil.covermagazin.com\/index.php?rest_route=\/wp\/v2\/posts\/15204\/revisions"}],"predecessor-version":[{"id":15401,"href":"https:\/\/m-stil.covermagazin.com\/index.php?rest_route=\/wp\/v2\/posts\/15204\/revisions\/15401"}],"wp:attachment":[{"href":"https:\/\/m-stil.covermagazin.com\/index.php?rest_route=%2Fwp%2Fv2%2Fmedia&parent=15204"}],"wp:term":[{"taxonomy":"category","embeddable":true,"href":"https:\/\/m-stil.covermagazin.com\/index.php?rest_route=%2Fwp%2Fv2%2Fcategories&post=15204"},{"taxonomy":"post_tag","embeddable":true,"href":"https:\/\/m-stil.covermagazin.com\/index.php?rest_route=%2Fwp%2Fv2%2Ftags&post=15204"}],"curies":[{"name":"wp","href":"https:\/\/api.w.org\/{rel}","templated":true}]}}