{"id":18484,"date":"2011-10-12T14:01:49","date_gmt":"2011-10-12T12:01:49","guid":{"rendered":"http:\/\/m-stil.covermagazin.com\/?p=18484"},"modified":"2024-10-10T19:41:50","modified_gmt":"2024-10-10T17:41:50","slug":"moderan-muski-sako-od-tvida-za-jesen-2011","status":"publish","type":"post","link":"https:\/\/m-stil.covermagazin.com\/?p=18484","title":{"rendered":"Moderan mu\u0161ki sako od tvida za jesen"},"content":{"rendered":"<p>Sako od tvida je vrlo prikladan za jesen i zimu. Mo\u017ee poslu\u017eiti kao jakna u jesen, a kao dio odjela zimi. Tako\u0111er, njihova prednost je \u0161to su poslovni, ali i casual. Mo\u017eete ih odjenuti za vrlo razli\u010dite prilike, od posla do ve\u010dernjeg izlaska.<\/p>\n<p>Neki od modernih za ovu sezonu su sljede\u0107i:<\/p>\n<p><a href=\"http:\/\/m-stil.covermagazin.com\/wp-content\/uploads\/2011\/10\/113.jpg\"><img loading=\"lazy\" decoding=\"async\" class=\"alignnone size-full wp-image-18485\" title=\"11\" src=\"http:\/\/m-stil.covermagazin.com\/wp-content\/uploads\/2011\/10\/113.jpg\" alt=\"\" width=\"291\" height=\"373\" \/><\/a><\/p>\n<p><a href=\"http:\/\/m-stil.covermagazin.com\/wp-content\/uploads\/2011\/10\/132.jpg\"><img loading=\"lazy\" decoding=\"async\" class=\"alignnone size-full wp-image-18487\" title=\"13\" src=\"http:\/\/m-stil.covermagazin.com\/wp-content\/uploads\/2011\/10\/132.jpg\" alt=\"\" width=\"291\" height=\"373\" \/><\/a><\/p>\n<p><a href=\"http:\/\/m-stil.covermagazin.com\/wp-content\/uploads\/2011\/10\/142.jpg\"><img loading=\"lazy\" decoding=\"async\" class=\"alignnone size-full wp-image-18488\" title=\"14\" src=\"http:\/\/m-stil.covermagazin.com\/wp-content\/uploads\/2011\/10\/142.jpg\" alt=\"\" width=\"291\" height=\"373\" \/><\/a><\/p>\n<p><a href=\"http:\/\/m-stil.covermagazin.com\/wp-content\/uploads\/2011\/10\/152.jpg\"><img loading=\"lazy\" decoding=\"async\" class=\"alignnone size-full wp-image-18489\" title=\"15\" src=\"http:\/\/m-stil.covermagazin.com\/wp-content\/uploads\/2011\/10\/152.jpg\" alt=\"\" width=\"291\" height=\"373\" \/><\/a><\/p>\n<p><a href=\"http:\/\/m-stil.covermagazin.com\/wp-content\/uploads\/2011\/10\/162.jpg\"><img loading=\"lazy\" decoding=\"async\" class=\"alignnone size-full wp-image-18490\" title=\"16\" src=\"http:\/\/m-stil.covermagazin.com\/wp-content\/uploads\/2011\/10\/162.jpg\" alt=\"\" width=\"291\" height=\"373\" \/><\/a><\/p>\n<p><a href=\"http:\/\/m-stil.covermagazin.com\/wp-content\/uploads\/2011\/10\/123.jpg\"><img loading=\"lazy\" decoding=\"async\" class=\"alignnone size-full wp-image-18486\" title=\"12\" src=\"http:\/\/m-stil.covermagazin.com\/wp-content\/uploads\/2011\/10\/123.jpg\" alt=\"\" width=\"291\" height=\"373\" \/><\/a><\/p>\n","protected":false},"excerpt":{"rendered":"<p>Sako od tvida je vrlo prikladan za jesen i zimu. Mo\u017ee poslu\u017eiti kao jakna u jesen, a kao dio odjela zimi. Tako\u0111er, njihova prednost je \u0161to su poslovni, ali i casual&#8230;<\/p>\n","protected":false},"author":3,"featured_media":0,"comment_status":"open","ping_status":"open","sticky":false,"template":"","format":"standard","meta":{"footnotes":""},"categories":[8],"tags":[213,363,194],"class_list":["post-18484","post","type-post","status-publish","format-standard","hentry","category-muska_moda","tag-muska-odjeca","tag-muska-jakna","tag-muski-sako"],"_links":{"self":[{"href":"https:\/\/m-stil.covermagazin.com\/index.php?rest_route=\/wp\/v2\/posts\/18484","targetHints":{"allow":["GET"]}}],"collection":[{"href":"https:\/\/m-stil.covermagazin.com\/index.php?rest_route=\/wp\/v2\/posts"}],"about":[{"href":"https:\/\/m-stil.covermagazin.com\/index.php?rest_route=\/wp\/v2\/types\/post"}],"author":[{"embeddable":true,"href":"https:\/\/m-stil.covermagazin.com\/index.php?rest_route=\/wp\/v2\/users\/3"}],"replies":[{"embeddable":true,"href":"https:\/\/m-stil.covermagazin.com\/index.php?rest_route=%2Fwp%2Fv2%2Fcomments&post=18484"}],"version-history":[{"count":10,"href":"https:\/\/m-stil.covermagazin.com\/index.php?rest_route=\/wp\/v2\/posts\/18484\/revisions"}],"predecessor-version":[{"id":35563,"href":"https:\/\/m-stil.covermagazin.com\/index.php?rest_route=\/wp\/v2\/posts\/18484\/revisions\/35563"}],"wp:attachment":[{"href":"https:\/\/m-stil.covermagazin.com\/index.php?rest_route=%2Fwp%2Fv2%2Fmedia&parent=18484"}],"wp:term":[{"taxonomy":"category","embeddable":true,"href":"https:\/\/m-stil.covermagazin.com\/index.php?rest_route=%2Fwp%2Fv2%2Fcategories&post=18484"},{"taxonomy":"post_tag","embeddable":true,"href":"https:\/\/m-stil.covermagazin.com\/index.php?rest_route=%2Fwp%2Fv2%2Ftags&post=18484"}],"curies":[{"name":"wp","href":"https:\/\/api.w.org\/{rel}","templated":true}]}}