{"id":1863,"date":"2009-04-19T13:31:05","date_gmt":"2009-04-19T11:31:05","guid":{"rendered":"http:\/\/m-stil.covermagazin.com\/?p=1863"},"modified":"2009-04-19T16:52:37","modified_gmt":"2009-04-19T14:52:37","slug":"philip-stein-satovi","status":"publish","type":"post","link":"https:\/\/m-stil.covermagazin.com\/?p=1863","title":{"rendered":"Philip Stein satovi"},"content":{"rendered":"<p><a href=\"http:\/\/m-stil.covermagazin.com\/wp-content\/uploads\/2009\/04\/philip-stein-satovi.jpg\"><img loading=\"lazy\" decoding=\"async\" class=\"alignleft size-full wp-image-1864\" title=\"philip-stein-satovi\" src=\"http:\/\/m-stil.covermagazin.com\/wp-content\/uploads\/2009\/04\/philip-stein-satovi.jpg\" alt=\"philip-stein-satovi\" width=\"220\" height=\"320\" \/><\/a>Philip Stein je uveo Teslar \u2013sat koji obe\u0107ava smanjiti elektronsko zaga\u0111enje\u00a0 u korisnikovom tijelu. Visoka cijena ove satove stavlja u kategoriju luksuznih,te su odli\u010dan izbor za poklon. Ve\u0107ina satova ima 2 \u010dipa za koje u Philip Steinu tvrde da vra\u0107a tijelo u ravnote\u017eu.<br \/>\nTeslar je dobio naziv po Nikoli Tesli. Philip Steinovi Teslar satovi mogu biti u poliranoj ili bru\u0161enoj zavr\u0161noj izvedbi. Za razliku od mnogih drugih uglavnom imaju 5 godina garancije.<\/p>\n<p><a href=\"http:\/\/m-stil.covermagazin.com\/wp-content\/uploads\/2009\/04\/philip-stein-satovi-1.jpg\"><img loading=\"lazy\" decoding=\"async\" class=\"alignleft size-full wp-image-1865\" title=\"philip-stein-satovi-1\" src=\"http:\/\/m-stil.covermagazin.com\/wp-content\/uploads\/2009\/04\/philip-stein-satovi-1.jpg\" alt=\"philip-stein-satovi-1\" width=\"91\" height=\"100\" \/><\/a><a href=\"http:\/\/m-stil.covermagazin.com\/wp-content\/uploads\/2009\/04\/philip-stein-satovi-2.jpg\"><img loading=\"lazy\" decoding=\"async\" class=\"alignleft size-full wp-image-1866\" title=\"philip-stein-satovi-2\" src=\"http:\/\/m-stil.covermagazin.com\/wp-content\/uploads\/2009\/04\/philip-stein-satovi-2.jpg\" alt=\"philip-stein-satovi-2\" width=\"91\" height=\"100\" \/><\/a><\/p>\n","protected":false},"excerpt":{"rendered":"<p>Philip Stein je uveo Teslar \u2013sat koji obe\u0107ava smanjiti elektronsko zaga\u0111enje\u00a0 u korisnikovom tijelu. Visoka cijena ove satove stavlja u kategoriju luksuznih,te su odli\u010dan izbor za poklon. Ve\u0107ina satova ima 2 \u010dipa za koje u Philip Steinu tvrde da vra\u0107a tijelo u ravnote\u017eu. Teslar je dobio naziv po Nikoli Tesli. Philip Steinovi Teslar satovi mogu [&hellip;]<\/p>\n","protected":false},"author":1,"featured_media":0,"comment_status":"open","ping_status":"open","sticky":false,"template":"","format":"standard","meta":{"footnotes":""},"categories":[8],"tags":[46,81],"class_list":["post-1863","post","type-post","status-publish","format-standard","hentry","category-muska_moda","tag-muska-moda","tag-muski-sat"],"_links":{"self":[{"href":"https:\/\/m-stil.covermagazin.com\/index.php?rest_route=\/wp\/v2\/posts\/1863","targetHints":{"allow":["GET"]}}],"collection":[{"href":"https:\/\/m-stil.covermagazin.com\/index.php?rest_route=\/wp\/v2\/posts"}],"about":[{"href":"https:\/\/m-stil.covermagazin.com\/index.php?rest_route=\/wp\/v2\/types\/post"}],"author":[{"embeddable":true,"href":"https:\/\/m-stil.covermagazin.com\/index.php?rest_route=\/wp\/v2\/users\/1"}],"replies":[{"embeddable":true,"href":"https:\/\/m-stil.covermagazin.com\/index.php?rest_route=%2Fwp%2Fv2%2Fcomments&post=1863"}],"version-history":[{"count":2,"href":"https:\/\/m-stil.covermagazin.com\/index.php?rest_route=\/wp\/v2\/posts\/1863\/revisions"}],"predecessor-version":[{"id":1935,"href":"https:\/\/m-stil.covermagazin.com\/index.php?rest_route=\/wp\/v2\/posts\/1863\/revisions\/1935"}],"wp:attachment":[{"href":"https:\/\/m-stil.covermagazin.com\/index.php?rest_route=%2Fwp%2Fv2%2Fmedia&parent=1863"}],"wp:term":[{"taxonomy":"category","embeddable":true,"href":"https:\/\/m-stil.covermagazin.com\/index.php?rest_route=%2Fwp%2Fv2%2Fcategories&post=1863"},{"taxonomy":"post_tag","embeddable":true,"href":"https:\/\/m-stil.covermagazin.com\/index.php?rest_route=%2Fwp%2Fv2%2Ftags&post=1863"}],"curies":[{"name":"wp","href":"https:\/\/api.w.org\/{rel}","templated":true}]}}