{"id":1868,"date":"2009-04-19T13:34:30","date_gmt":"2009-04-19T11:34:30","guid":{"rendered":"http:\/\/m-stil.covermagazin.com\/?p=1868"},"modified":"2009-04-20T11:23:11","modified_gmt":"2009-04-20T09:23:11","slug":"suncane-naocale-dg","status":"publish","type":"post","link":"https:\/\/m-stil.covermagazin.com\/?p=1868","title":{"rendered":"Sun\u010dane nao\u010dale D&#038;G"},"content":{"rendered":"<p>Mu\u0161ke sun\u010dane nao\u010dale iz kolekcije D&amp;G Dolce &amp; Gabbana za prolje\u0107e i ljeto 2009. u skladu su sa ovosezonskim trendom avijati\u010darskih nao\u010dala. Za one koji \u017eele ne\u0161to druga\u010dije prijedlog su sun\u010dane nao\u010dale s plasti\u010dnim okvirima:<\/p>\n<p style=\"text-align: center;\"><a href=\"http:\/\/m-stil.covermagazin.com\/wp-content\/uploads\/2009\/04\/muske-suncane-naocale-dg-dolce-gabbana-1.jpg\"><img loading=\"lazy\" decoding=\"async\" class=\"size-full wp-image-1869 alignleft\" title=\"muske-suncane-naocale-dg-dolce-gabbana-1\" src=\"http:\/\/m-stil.covermagazin.com\/wp-content\/uploads\/2009\/04\/muske-suncane-naocale-dg-dolce-gabbana-1.jpg\" alt=\"muske-suncane-naocale-dg-dolce-gabbana-1\" width=\"173\" height=\"216\" \/><\/a><a href=\"http:\/\/m-stil.covermagazin.com\/wp-content\/uploads\/2009\/04\/muske-suncane-naocale-dg-dolce-gabbana-2.jpg\"><img loading=\"lazy\" decoding=\"async\" class=\"size-full wp-image-1870 aligncenter\" title=\"muske-suncane-naocale-dg-dolce-gabbana-2\" src=\"http:\/\/m-stil.covermagazin.com\/wp-content\/uploads\/2009\/04\/muske-suncane-naocale-dg-dolce-gabbana-2.jpg\" alt=\"muske-suncane-naocale-dg-dolce-gabbana-2\" width=\"173\" height=\"216\" \/><\/a><a href=\"http:\/\/m-stil.covermagazin.com\/wp-content\/uploads\/2009\/04\/muske-suncane-naocale-dg-dolce-gabbana-3.jpg\"><img loading=\"lazy\" decoding=\"async\" class=\"alignleft size-full wp-image-1871\" title=\"muske-suncane-naocale-dg-dolce-gabbana-3\" src=\"http:\/\/m-stil.covermagazin.com\/wp-content\/uploads\/2009\/04\/muske-suncane-naocale-dg-dolce-gabbana-3.jpg\" alt=\"muske-suncane-naocale-dg-dolce-gabbana-3\" width=\"173\" height=\"216\" \/><\/a><a href=\"http:\/\/m-stil.covermagazin.com\/wp-content\/uploads\/2009\/04\/muske-suncane-naocale-dg-dolce-gabbana-4.jpg\"><img loading=\"lazy\" decoding=\"async\" class=\"size-full wp-image-1872 aligncenter\" title=\"muske-suncane-naocale-dg-dolce-gabbana-4\" src=\"http:\/\/m-stil.covermagazin.com\/wp-content\/uploads\/2009\/04\/muske-suncane-naocale-dg-dolce-gabbana-4.jpg\" alt=\"muske-suncane-naocale-dg-dolce-gabbana-4\" width=\"173\" height=\"216\" \/><\/a><\/p>\n","protected":false},"excerpt":{"rendered":"<p>Mu\u0161ke sun\u010dane nao\u010dale iz kolekcije D&amp;G Dolce &amp; Gabbana za prolje\u0107e i ljeto 2009. u skladu su sa ovosezonskim trendom avijati\u010darskih nao\u010dala. Za one koji \u017eele ne\u0161to druga\u010dije prijedlog su sun\u010dane nao\u010dale s plasti\u010dnim okvirima:<\/p>\n","protected":false},"author":1,"featured_media":0,"comment_status":"open","ping_status":"open","sticky":false,"template":"","format":"standard","meta":{"footnotes":""},"categories":[8],"tags":[126,160],"class_list":["post-1868","post","type-post","status-publish","format-standard","hentry","category-muska_moda","tag-suncane-naocale","tag-muske-naocale"],"_links":{"self":[{"href":"https:\/\/m-stil.covermagazin.com\/index.php?rest_route=\/wp\/v2\/posts\/1868","targetHints":{"allow":["GET"]}}],"collection":[{"href":"https:\/\/m-stil.covermagazin.com\/index.php?rest_route=\/wp\/v2\/posts"}],"about":[{"href":"https:\/\/m-stil.covermagazin.com\/index.php?rest_route=\/wp\/v2\/types\/post"}],"author":[{"embeddable":true,"href":"https:\/\/m-stil.covermagazin.com\/index.php?rest_route=\/wp\/v2\/users\/1"}],"replies":[{"embeddable":true,"href":"https:\/\/m-stil.covermagazin.com\/index.php?rest_route=%2Fwp%2Fv2%2Fcomments&post=1868"}],"version-history":[{"count":4,"href":"https:\/\/m-stil.covermagazin.com\/index.php?rest_route=\/wp\/v2\/posts\/1868\/revisions"}],"predecessor-version":[{"id":1897,"href":"https:\/\/m-stil.covermagazin.com\/index.php?rest_route=\/wp\/v2\/posts\/1868\/revisions\/1897"}],"wp:attachment":[{"href":"https:\/\/m-stil.covermagazin.com\/index.php?rest_route=%2Fwp%2Fv2%2Fmedia&parent=1868"}],"wp:term":[{"taxonomy":"category","embeddable":true,"href":"https:\/\/m-stil.covermagazin.com\/index.php?rest_route=%2Fwp%2Fv2%2Fcategories&post=1868"},{"taxonomy":"post_tag","embeddable":true,"href":"https:\/\/m-stil.covermagazin.com\/index.php?rest_route=%2Fwp%2Fv2%2Ftags&post=1868"}],"curies":[{"name":"wp","href":"https:\/\/api.w.org\/{rel}","templated":true}]}}