{"id":18721,"date":"2020-09-30T11:53:38","date_gmt":"2020-09-30T09:53:38","guid":{"rendered":"http:\/\/m-stil.covermagazin.com\/?p=18721"},"modified":"2020-09-30T13:54:59","modified_gmt":"2020-09-30T11:54:59","slug":"muske-traper-jakne-za-jesen","status":"publish","type":"post","link":"https:\/\/m-stil.covermagazin.com\/?p=18721","title":{"rendered":"Moderne mu\u0161ke traper jakne za jesen"},"content":{"rendered":"<h3><a href=\"https:\/\/m-stil.covermagazin.com\/wp-content\/uploads\/2011\/11\/Moderne-mu\u0161ke-traper-jakne-za-jesen.jpg\"><img loading=\"lazy\" decoding=\"async\" class=\"alignnone size-full wp-image-35057\" src=\"https:\/\/m-stil.covermagazin.com\/wp-content\/uploads\/2011\/11\/Moderne-mu\u0161ke-traper-jakne-za-jesen.jpg\" alt=\"\" width=\"600\" height=\"400\" \/><\/a><\/h3>\n<h3>Moderne mu\u0161ke traper jakne za jesen<\/h3>\n<p>Iako je traper jakna vi\u0161e za toplije dane, ove sezone je i jesenski trend. Naravno, to su traper jakne s zimskom podstavom, odnosno s toplijim dodacima.<\/p>\n<p>Traper jakna se vrlo lako kombinira s ostatkom odje\u0107e, osim ako je poku\u0161avate uklopiti u poslovni look.<\/p>\n<p>Ovakva jakna \u0107e bolje odgovarati na neke be\u017e ili samt hla\u010de nego na traperice. Ovakva kombinacija \u0107e biti dobara i za casual poslovni look.<\/p>\n<p>Posebno izbjegavajte kombinaciju traper jakne i traper ko\u0161ulje.<\/p>\n<p>Ako \u017eelite kombinirati traperice i jaknu od trapera, tada obratite pa\u017enju na nijansu trapera, ali i ispranost. Vrlo dobro se kombiniraju npr. tamne traperice i svjetlija jakna od ispranog trapera.<\/p>\n<p>Moderne mu\u0161ke traper jakne branda <strong>River Island za jesen 2020:<\/strong><\/p>\n<p><a href=\"https:\/\/m-stil.covermagazin.com\/wp-content\/uploads\/2011\/11\/Moderne-mu\u0161ke-traper-jakne-za-jesen-1.jpg\"><img loading=\"lazy\" decoding=\"async\" class=\"alignnone size-full wp-image-35058\" src=\"https:\/\/m-stil.covermagazin.com\/wp-content\/uploads\/2011\/11\/Moderne-mu\u0161ke-traper-jakne-za-jesen-1.jpg\" alt=\"\" width=\"500\" height=\"500\" \/><\/a> <a href=\"https:\/\/m-stil.covermagazin.com\/wp-content\/uploads\/2011\/11\/Moderne-mu\u0161ke-traper-jakne-za-jesen-2.jpg\"><img loading=\"lazy\" decoding=\"async\" class=\"alignnone size-full wp-image-35059\" src=\"https:\/\/m-stil.covermagazin.com\/wp-content\/uploads\/2011\/11\/Moderne-mu\u0161ke-traper-jakne-za-jesen-2.jpg\" alt=\"\" width=\"500\" height=\"500\" \/><\/a> <a href=\"https:\/\/m-stil.covermagazin.com\/wp-content\/uploads\/2011\/11\/Moderne-mu\u0161ke-traper-jakne-za-jesen-3.jpg\"><img loading=\"lazy\" decoding=\"async\" class=\"alignnone size-full wp-image-35060\" src=\"https:\/\/m-stil.covermagazin.com\/wp-content\/uploads\/2011\/11\/Moderne-mu\u0161ke-traper-jakne-za-jesen-3.jpg\" alt=\"\" width=\"500\" height=\"500\" \/><\/a> <a href=\"https:\/\/m-stil.covermagazin.com\/wp-content\/uploads\/2011\/11\/Moderne-mu\u0161ke-traper-jakne-za-jesen-4.jpg\"><img loading=\"lazy\" decoding=\"async\" class=\"alignnone size-full wp-image-35061\" src=\"https:\/\/m-stil.covermagazin.com\/wp-content\/uploads\/2011\/11\/Moderne-mu\u0161ke-traper-jakne-za-jesen-4.jpg\" alt=\"\" width=\"500\" height=\"500\" \/><\/a> <a href=\"https:\/\/m-stil.covermagazin.com\/wp-content\/uploads\/2011\/11\/Moderne-mu\u0161ke-traper-jakne-za-jesen-5.jpg\"><img loading=\"lazy\" decoding=\"async\" class=\"alignnone size-full wp-image-35062\" src=\"https:\/\/m-stil.covermagazin.com\/wp-content\/uploads\/2011\/11\/Moderne-mu\u0161ke-traper-jakne-za-jesen-5.jpg\" alt=\"\" width=\"500\" height=\"500\" \/><\/a> <a href=\"https:\/\/m-stil.covermagazin.com\/wp-content\/uploads\/2011\/11\/Moderne-mu\u0161ke-traper-jakne-za-jesen-6.jpg\"><img loading=\"lazy\" decoding=\"async\" class=\"alignnone size-full wp-image-35063\" src=\"https:\/\/m-stil.covermagazin.com\/wp-content\/uploads\/2011\/11\/Moderne-mu\u0161ke-traper-jakne-za-jesen-6.jpg\" alt=\"\" width=\"500\" height=\"500\" \/><\/a> <a href=\"https:\/\/m-stil.covermagazin.com\/wp-content\/uploads\/2011\/11\/Moderne-mu\u0161ke-traper-jakne-za-jesen-7.jpg\"><img loading=\"lazy\" decoding=\"async\" class=\"alignnone size-full wp-image-35064\" src=\"https:\/\/m-stil.covermagazin.com\/wp-content\/uploads\/2011\/11\/Moderne-mu\u0161ke-traper-jakne-za-jesen-7.jpg\" alt=\"\" width=\"500\" height=\"500\" \/><\/a><\/p>\n","protected":false},"excerpt":{"rendered":"<p>Iako je traper jakna vi\u0161e za toplije dane, ove sezone je i jesenski trend. Naravno, to su traper jakne s zimskom podstavom, odnosno s toplijim dodacima. Traper jakna se vrlo lako kombinira s ostatkom odje\u0107e, osim ako je poku\u0161avate uklopiti u poslovni look.<\/p>\n","protected":false},"author":3,"featured_media":0,"comment_status":"open","ping_status":"open","sticky":false,"template":"","format":"standard","meta":{"footnotes":""},"categories":[8],"tags":[95,46,949,819],"class_list":["post-18721","post","type-post","status-publish","format-standard","hentry","category-muska_moda","tag-muske-jakne","tag-muska-moda","tag-muska-moda-jesen-zima","tag-traperice"],"_links":{"self":[{"href":"https:\/\/m-stil.covermagazin.com\/index.php?rest_route=\/wp\/v2\/posts\/18721","targetHints":{"allow":["GET"]}}],"collection":[{"href":"https:\/\/m-stil.covermagazin.com\/index.php?rest_route=\/wp\/v2\/posts"}],"about":[{"href":"https:\/\/m-stil.covermagazin.com\/index.php?rest_route=\/wp\/v2\/types\/post"}],"author":[{"embeddable":true,"href":"https:\/\/m-stil.covermagazin.com\/index.php?rest_route=\/wp\/v2\/users\/3"}],"replies":[{"embeddable":true,"href":"https:\/\/m-stil.covermagazin.com\/index.php?rest_route=%2Fwp%2Fv2%2Fcomments&post=18721"}],"version-history":[{"count":10,"href":"https:\/\/m-stil.covermagazin.com\/index.php?rest_route=\/wp\/v2\/posts\/18721\/revisions"}],"predecessor-version":[{"id":35065,"href":"https:\/\/m-stil.covermagazin.com\/index.php?rest_route=\/wp\/v2\/posts\/18721\/revisions\/35065"}],"wp:attachment":[{"href":"https:\/\/m-stil.covermagazin.com\/index.php?rest_route=%2Fwp%2Fv2%2Fmedia&parent=18721"}],"wp:term":[{"taxonomy":"category","embeddable":true,"href":"https:\/\/m-stil.covermagazin.com\/index.php?rest_route=%2Fwp%2Fv2%2Fcategories&post=18721"},{"taxonomy":"post_tag","embeddable":true,"href":"https:\/\/m-stil.covermagazin.com\/index.php?rest_route=%2Fwp%2Fv2%2Ftags&post=18721"}],"curies":[{"name":"wp","href":"https:\/\/api.w.org\/{rel}","templated":true}]}}