{"id":20036,"date":"2012-10-15T10:20:23","date_gmt":"2012-10-15T08:20:23","guid":{"rendered":"http:\/\/m-stil.covermagazin.com\/?p=20036"},"modified":"2024-10-10T19:23:28","modified_gmt":"2024-10-10T17:23:28","slug":"kombinacija-visebojne-kosulje-i-kravate","status":"publish","type":"post","link":"https:\/\/m-stil.covermagazin.com\/?p=20036","title":{"rendered":"Kombinacija vi\u0161ebojne ko\u0161ulje i kravate"},"content":{"rendered":"<p>Ukoliko je ko\u0161ulja sama po sebi vi\u0161ebojna bit \u0107e te\u017ee izabrati odgovaraju\u0107u kravatu. Poku\u0161ajte spojiti ko\u0161ulju i kravatu koje imaju neku zajedni\u010dku boju. No, u ovom slu\u010daju najbolje je da stanete pred ogledalo i isprobate kombinaciju.<\/p>\n<p>Ako niste sigurni, uz ovakvu ko\u0161ulju uvijek mo\u017eete kombinirati jednobojne kravate. Ili bar izberite kravatu s neprimjetnim uzorkom.<\/p>\n<p><a href=\"http:\/\/m-stil.covermagazin.com\/wp-content\/uploads\/2012\/02\/sarena_kosulja_i_kravata_2.jpg\"><img loading=\"lazy\" decoding=\"async\" class=\"alignnone size-full wp-image-20038\" title=\"sarena_kosulja_i_kravata_2\" src=\"http:\/\/m-stil.covermagazin.com\/wp-content\/uploads\/2012\/02\/sarena_kosulja_i_kravata_2.jpg\" alt=\"\" width=\"210\" height=\"288\" \/><\/a><\/p>\n<p><a href=\"http:\/\/m-stil.covermagazin.com\/wp-content\/uploads\/2012\/02\/sarena_kosulja_i_kravata_3.jpg\"><img loading=\"lazy\" decoding=\"async\" class=\"alignnone size-full wp-image-20039\" title=\"sarena_kosulja_i_kravata_3\" src=\"http:\/\/m-stil.covermagazin.com\/wp-content\/uploads\/2012\/02\/sarena_kosulja_i_kravata_3.jpg\" alt=\"\" width=\"210\" height=\"288\" \/><\/a><\/p>\n<p><a href=\"http:\/\/m-stil.covermagazin.com\/wp-content\/uploads\/2012\/02\/sarena_kosulja_i_kravata_4.jpg\"><img loading=\"lazy\" decoding=\"async\" class=\"alignnone size-full wp-image-20040\" title=\"sarena_kosulja_i_kravata_4\" src=\"http:\/\/m-stil.covermagazin.com\/wp-content\/uploads\/2012\/02\/sarena_kosulja_i_kravata_4.jpg\" alt=\"\" width=\"210\" height=\"288\" \/><\/a><\/p>\n<p><a href=\"http:\/\/m-stil.covermagazin.com\/wp-content\/uploads\/2012\/02\/sarena_kosulja_i_kravata_5.jpg\"><img loading=\"lazy\" decoding=\"async\" class=\"alignnone size-full wp-image-20041\" title=\"sarena_kosulja_i_kravata_5\" src=\"http:\/\/m-stil.covermagazin.com\/wp-content\/uploads\/2012\/02\/sarena_kosulja_i_kravata_5.jpg\" alt=\"\" width=\"210\" height=\"288\" \/><\/a><\/p>\n<p><a href=\"http:\/\/m-stil.covermagazin.com\/wp-content\/uploads\/2012\/02\/sarena_kosulja_i_kravata_6.jpg\"><img loading=\"lazy\" decoding=\"async\" class=\"alignnone size-full wp-image-20042\" title=\"sarena_kosulja_i_kravata_6\" src=\"http:\/\/m-stil.covermagazin.com\/wp-content\/uploads\/2012\/02\/sarena_kosulja_i_kravata_6.jpg\" alt=\"\" width=\"210\" height=\"288\" \/><\/a><\/p>\n<p><a href=\"http:\/\/m-stil.covermagazin.com\/wp-content\/uploads\/2012\/02\/sarena_kosulja_i_kravata_7.jpg\"><img loading=\"lazy\" decoding=\"async\" class=\"alignnone size-full wp-image-20043\" title=\"sarena_kosulja_i_kravata_7\" src=\"http:\/\/m-stil.covermagazin.com\/wp-content\/uploads\/2012\/02\/sarena_kosulja_i_kravata_7.jpg\" alt=\"\" width=\"210\" height=\"288\" \/><\/a><\/p>\n<p><a href=\"http:\/\/m-stil.covermagazin.com\/wp-content\/uploads\/2012\/02\/sarena_kosulja_i_kravata_8.jpg\"><img loading=\"lazy\" decoding=\"async\" class=\"alignnone size-full wp-image-20044\" title=\"sarena_kosulja_i_kravata_8\" src=\"http:\/\/m-stil.covermagazin.com\/wp-content\/uploads\/2012\/02\/sarena_kosulja_i_kravata_8.jpg\" alt=\"\" width=\"210\" height=\"288\" \/><\/a><\/p>\n<p><a href=\"http:\/\/m-stil.covermagazin.com\/wp-content\/uploads\/2012\/02\/sarena_kosulja_i_kravata_9.jpg\"><img loading=\"lazy\" decoding=\"async\" class=\"alignnone size-full wp-image-20045\" title=\"sarena_kosulja_i_kravata_9\" src=\"http:\/\/m-stil.covermagazin.com\/wp-content\/uploads\/2012\/02\/sarena_kosulja_i_kravata_9.jpg\" alt=\"\" width=\"210\" height=\"288\" \/><\/a><\/p>\n<p><a href=\"http:\/\/m-stil.covermagazin.com\/wp-content\/uploads\/2012\/02\/sarena_kosulja_i_kravata_1.jpg\"><img loading=\"lazy\" decoding=\"async\" class=\"alignnone size-full wp-image-20037\" title=\"sarena_kosulja_i_kravata_1\" src=\"http:\/\/m-stil.covermagazin.com\/wp-content\/uploads\/2012\/02\/sarena_kosulja_i_kravata_1.jpg\" alt=\"\" width=\"210\" height=\"288\" \/><\/a><\/p>\n","protected":false},"excerpt":{"rendered":"<p>Ukoliko je ko\u0161ulja sama po sebi vi\u0161ebojna bit \u0107e te\u017ee izabrati odgovaraju\u0107u kravatu&#8230;<\/p>\n","protected":false},"author":3,"featured_media":0,"comment_status":"open","ping_status":"open","sticky":false,"template":"","format":"standard","meta":{"footnotes":""},"categories":[8],"tags":[221,116,886,807,97,854,607],"class_list":["post-20036","post","type-post","status-publish","format-standard","hentry","category-muska_moda","tag-boje-kravate","tag-kravata","tag-moderne-muske-kosulje","tag-modna-pravila-za-muskarce","tag-muske-kosulje","tag-portal-za-muskarce","tag-poslovna-moda"],"_links":{"self":[{"href":"https:\/\/m-stil.covermagazin.com\/index.php?rest_route=\/wp\/v2\/posts\/20036","targetHints":{"allow":["GET"]}}],"collection":[{"href":"https:\/\/m-stil.covermagazin.com\/index.php?rest_route=\/wp\/v2\/posts"}],"about":[{"href":"https:\/\/m-stil.covermagazin.com\/index.php?rest_route=\/wp\/v2\/types\/post"}],"author":[{"embeddable":true,"href":"https:\/\/m-stil.covermagazin.com\/index.php?rest_route=\/wp\/v2\/users\/3"}],"replies":[{"embeddable":true,"href":"https:\/\/m-stil.covermagazin.com\/index.php?rest_route=%2Fwp%2Fv2%2Fcomments&post=20036"}],"version-history":[{"count":13,"href":"https:\/\/m-stil.covermagazin.com\/index.php?rest_route=\/wp\/v2\/posts\/20036\/revisions"}],"predecessor-version":[{"id":25447,"href":"https:\/\/m-stil.covermagazin.com\/index.php?rest_route=\/wp\/v2\/posts\/20036\/revisions\/25447"}],"wp:attachment":[{"href":"https:\/\/m-stil.covermagazin.com\/index.php?rest_route=%2Fwp%2Fv2%2Fmedia&parent=20036"}],"wp:term":[{"taxonomy":"category","embeddable":true,"href":"https:\/\/m-stil.covermagazin.com\/index.php?rest_route=%2Fwp%2Fv2%2Fcategories&post=20036"},{"taxonomy":"post_tag","embeddable":true,"href":"https:\/\/m-stil.covermagazin.com\/index.php?rest_route=%2Fwp%2Fv2%2Ftags&post=20036"}],"curies":[{"name":"wp","href":"https:\/\/api.w.org\/{rel}","templated":true}]}}