{"id":20527,"date":"2012-03-26T12:27:50","date_gmt":"2012-03-26T10:27:50","guid":{"rendered":"http:\/\/m-stil.covermagazin.com\/?p=20527"},"modified":"2024-10-10T19:42:49","modified_gmt":"2024-10-10T17:42:49","slug":"kolekcije-svjetskih-dizajnera-za-proljece-2012","status":"publish","type":"post","link":"https:\/\/m-stil.covermagazin.com\/?p=20527","title":{"rendered":"Kolekcije svjetskih dizajnera za prolje\u0107e"},"content":{"rendered":"<p>Mu\u0161ka moda za prolje\u0107e \/ ljeto ima nekoliko zna\u010dajnih trendova tako da mo\u017eete izabrati onaj koji vam najvi\u0161e odgovara. Moderni su sakoi s dvostrukim kop\u010danjem, ali i sportski sakoi.\u00a0 Dominantne boje su bijela, be\u017e, svijetli zemljani tonovi, ali i detalji i uzorci u jakim bojama.<\/p>\n<h3>Marc Jacobs<\/h3>\n<h3><a href=\"http:\/\/m-stil.covermagazin.com\/wp-content\/uploads\/2012\/03\/Marc-Jacobs.jpg\"><img loading=\"lazy\" decoding=\"async\" class=\"alignnone size-full wp-image-20528\" title=\"Marc Jacobs\" src=\"http:\/\/m-stil.covermagazin.com\/wp-content\/uploads\/2012\/03\/Marc-Jacobs.jpg\" alt=\"\" width=\"200\" height=\"336\" \/><\/a><\/h3>\n<h3>Calvin Klein<\/h3>\n<h3><a href=\"http:\/\/m-stil.covermagazin.com\/wp-content\/uploads\/2012\/03\/Calvin-Klein.jpg\"><img loading=\"lazy\" decoding=\"async\" class=\"alignnone size-full wp-image-20529\" title=\"Calvin Klein\" src=\"http:\/\/m-stil.covermagazin.com\/wp-content\/uploads\/2012\/03\/Calvin-Klein.jpg\" alt=\"\" width=\"200\" height=\"291\" \/><\/a><\/h3>\n<h3>Giorgio Armani<\/h3>\n<h3><a href=\"http:\/\/m-stil.covermagazin.com\/wp-content\/uploads\/2012\/03\/Giorgio-Armani-2.jpg\"><img loading=\"lazy\" decoding=\"async\" class=\"alignnone size-full wp-image-20530\" title=\"Giorgio Armani-2\" src=\"http:\/\/m-stil.covermagazin.com\/wp-content\/uploads\/2012\/03\/Giorgio-Armani-2.jpg\" alt=\"\" width=\"200\" height=\"291\" \/><\/a><\/h3>\n<h3>Marc Jacobs<\/h3>\n<h3><a href=\"http:\/\/m-stil.covermagazin.com\/wp-content\/uploads\/2012\/03\/Marc-Jacobs_2.jpg\"><img loading=\"lazy\" decoding=\"async\" class=\"alignnone size-full wp-image-20531\" title=\"Marc Jacobs_2\" src=\"http:\/\/m-stil.covermagazin.com\/wp-content\/uploads\/2012\/03\/Marc-Jacobs_2.jpg\" alt=\"\" width=\"200\" height=\"352\" \/><\/a><\/h3>\n<h3>Dolce &amp; Gabbana<\/h3>\n<h3><a href=\"http:\/\/m-stil.covermagazin.com\/wp-content\/uploads\/2012\/03\/Dolce_Gabbana.jpg\"><img loading=\"lazy\" decoding=\"async\" class=\"alignnone size-full wp-image-20532\" title=\"Dolce_Gabbana\" src=\"http:\/\/m-stil.covermagazin.com\/wp-content\/uploads\/2012\/03\/Dolce_Gabbana.jpg\" alt=\"\" width=\"200\" height=\"279\" \/><\/a><\/h3>\n<h3>Lacoste<\/h3>\n<h3><a href=\"http:\/\/m-stil.covermagazin.com\/wp-content\/uploads\/2012\/03\/Lacoste.jpg\"><img loading=\"lazy\" decoding=\"async\" class=\"alignnone size-full wp-image-20533\" title=\"Lacoste\" src=\"http:\/\/m-stil.covermagazin.com\/wp-content\/uploads\/2012\/03\/Lacoste.jpg\" alt=\"\" width=\"200\" height=\"307\" \/><\/a><\/h3>\n<h3>Perry Ellis<\/h3>\n<h3><a href=\"http:\/\/m-stil.covermagazin.com\/wp-content\/uploads\/2012\/03\/Perry-Ellis.jpg\"><img loading=\"lazy\" decoding=\"async\" class=\"alignnone size-full wp-image-20534\" title=\"Perry Ellis\" src=\"http:\/\/m-stil.covermagazin.com\/wp-content\/uploads\/2012\/03\/Perry-Ellis.jpg\" alt=\"\" width=\"200\" height=\"291\" \/><\/a><\/h3>\n<h3>Michael Kors<\/h3>\n<h3><a href=\"http:\/\/m-stil.covermagazin.com\/wp-content\/uploads\/2012\/03\/Michael-Kors.jpg\"><img loading=\"lazy\" decoding=\"async\" class=\"alignnone size-full wp-image-20535\" title=\"Michael Kors\" src=\"http:\/\/m-stil.covermagazin.com\/wp-content\/uploads\/2012\/03\/Michael-Kors.jpg\" alt=\"\" width=\"200\" height=\"291\" \/><\/a><\/h3>\n<h3>Versace<\/h3>\n<h3><a href=\"http:\/\/m-stil.covermagazin.com\/wp-content\/uploads\/2012\/03\/Versace.jpg\"><img loading=\"lazy\" decoding=\"async\" class=\"alignnone size-full wp-image-20536\" title=\"Versace\" src=\"http:\/\/m-stil.covermagazin.com\/wp-content\/uploads\/2012\/03\/Versace.jpg\" alt=\"\" width=\"200\" height=\"291\" \/><\/a><\/h3>\n<h3>Giorgio Armani<\/h3>\n<p><a href=\"http:\/\/m-stil.covermagazin.com\/wp-content\/uploads\/2012\/03\/Giorgio-Armani.jpg\"><img loading=\"lazy\" decoding=\"async\" class=\"alignnone size-full wp-image-20537\" title=\"Giorgio Armani\" src=\"http:\/\/m-stil.covermagazin.com\/wp-content\/uploads\/2012\/03\/Giorgio-Armani.jpg\" alt=\"\" width=\"200\" height=\"291\" \/><\/a><\/p>\n<p>&nbsp;<\/p>\n","protected":false},"excerpt":{"rendered":"<p>Mu\u0161ka moda za prolje\u0107e\/. ljeto ima nekoliko zna\u010dajnih trendova. <\/p>\n","protected":false},"author":3,"featured_media":0,"comment_status":"open","ping_status":"open","sticky":false,"template":"","format":"standard","meta":{"footnotes":""},"categories":[8],"tags":[194],"class_list":["post-20527","post","type-post","status-publish","format-standard","hentry","category-muska_moda","tag-muski-sako"],"_links":{"self":[{"href":"https:\/\/m-stil.covermagazin.com\/index.php?rest_route=\/wp\/v2\/posts\/20527","targetHints":{"allow":["GET"]}}],"collection":[{"href":"https:\/\/m-stil.covermagazin.com\/index.php?rest_route=\/wp\/v2\/posts"}],"about":[{"href":"https:\/\/m-stil.covermagazin.com\/index.php?rest_route=\/wp\/v2\/types\/post"}],"author":[{"embeddable":true,"href":"https:\/\/m-stil.covermagazin.com\/index.php?rest_route=\/wp\/v2\/users\/3"}],"replies":[{"embeddable":true,"href":"https:\/\/m-stil.covermagazin.com\/index.php?rest_route=%2Fwp%2Fv2%2Fcomments&post=20527"}],"version-history":[{"count":13,"href":"https:\/\/m-stil.covermagazin.com\/index.php?rest_route=\/wp\/v2\/posts\/20527\/revisions"}],"predecessor-version":[{"id":35606,"href":"https:\/\/m-stil.covermagazin.com\/index.php?rest_route=\/wp\/v2\/posts\/20527\/revisions\/35606"}],"wp:attachment":[{"href":"https:\/\/m-stil.covermagazin.com\/index.php?rest_route=%2Fwp%2Fv2%2Fmedia&parent=20527"}],"wp:term":[{"taxonomy":"category","embeddable":true,"href":"https:\/\/m-stil.covermagazin.com\/index.php?rest_route=%2Fwp%2Fv2%2Fcategories&post=20527"},{"taxonomy":"post_tag","embeddable":true,"href":"https:\/\/m-stil.covermagazin.com\/index.php?rest_route=%2Fwp%2Fv2%2Ftags&post=20527"}],"curies":[{"name":"wp","href":"https:\/\/api.w.org\/{rel}","templated":true}]}}