{"id":2058,"date":"2018-07-20T08:10:31","date_gmt":"2018-07-20T06:10:31","guid":{"rendered":"http:\/\/m-stil.covermagazin.com\/?p=2058"},"modified":"2018-07-20T09:31:57","modified_gmt":"2018-07-20T07:31:57","slug":"sto-trebate-znati-o-odjeci-u-boji","status":"publish","type":"post","link":"https:\/\/m-stil.covermagazin.com\/?p=2058","title":{"rendered":"Za ljeto izaberite odje\u0107u u jakoj boji"},"content":{"rendered":"<h3><a href=\"https:\/\/m-stil.covermagazin.com\/wp-content\/uploads\/2016\/07\/muska_moda_ljeto.jpg\"><img loading=\"lazy\" decoding=\"async\" class=\"alignleft size-full wp-image-32032\" src=\"https:\/\/m-stil.covermagazin.com\/wp-content\/uploads\/2016\/07\/muska_moda_ljeto.jpg\" alt=\"\" width=\"600\" height=\"400\" \/><\/a><\/h3>\n<h3>Za ljeto izaberite odje\u0107u u jakoj boji<\/h3>\n<p>Odje\u0107a u jakim i vedrim bojama prikladnija je za prolje\u0107e i ljeto. Pogledajte koje su boje u trendu i hrabro ih po\u010dnite nositi. Nema smisla uvijek biti u istim tmurnim i neutralnim bojama.<\/p>\n<p>Po\u010dnite s plavom bojom. Ona je uvijek dostupna u vi\u0161e nijansi, a koliko god bila jaka, nije previ\u0161e upe\u010datljiva.<br \/>\nBe\u017e boja koliko god se \u010dinila neutralnom, nije dobar izbor za ko\u0161ulje. Jake boje su bolji izbor za majice i ko\u0161ulje nego hla\u010de i jakne. Kada majicu u bilo kojoj boji kombinirate s neutralnim hla\u010dama, ne mo\u017eete pretjerati. No, nemojte jake boje kombinirati s agresivnim uzorcima, osim ukoliko stvarno ne pratite modu i znate to kombinirati.<\/p>\n<p>Bez obzira na boju majice i koliko vam se mo\u017eda \u010dinilo simpati\u010dno nemojte jake boje na odje\u0107i kombinirati s istom jakom bojom \u010darapa (niti nekom drugom jakom bojom \u010darapa).<\/p>\n<p><a href=\"https:\/\/m-stil.covermagazin.com\/wp-content\/uploads\/2018\/07\/Za-ljeto-izaberite-odje\u0107u-u-jakoj-boji-2.jpg\"><img loading=\"lazy\" decoding=\"async\" class=\"alignleft size-full wp-image-32034\" src=\"https:\/\/m-stil.covermagazin.com\/wp-content\/uploads\/2018\/07\/Za-ljeto-izaberite-odje\u0107u-u-jakoj-boji-2.jpg\" alt=\"\" width=\"600\" height=\"400\" \/><\/a><\/p>\n","protected":false},"excerpt":{"rendered":"<p>Odje\u0107a u jakim i vedrim bojama prikladnija je za prolje\u0107e i ljeto. Pogledajte koje su boje u trendu i hrabro ih po\u010dnite nositi. Nema smisla uvijek biti u istim tmurnim i neutralnim bojama.<\/p>\n","protected":false},"author":1,"featured_media":0,"comment_status":"open","ping_status":"open","sticky":false,"template":"","format":"standard","meta":{"footnotes":""},"categories":[942,8],"tags":[886,807,46,97,854],"class_list":["post-2058","post","type-post","status-publish","format-standard","hentry","category-m-stil-2018","category-muska_moda","tag-moderne-muske-kosulje","tag-modna-pravila-za-muskarce","tag-muska-moda","tag-muske-kosulje","tag-portal-za-muskarce"],"_links":{"self":[{"href":"https:\/\/m-stil.covermagazin.com\/index.php?rest_route=\/wp\/v2\/posts\/2058","targetHints":{"allow":["GET"]}}],"collection":[{"href":"https:\/\/m-stil.covermagazin.com\/index.php?rest_route=\/wp\/v2\/posts"}],"about":[{"href":"https:\/\/m-stil.covermagazin.com\/index.php?rest_route=\/wp\/v2\/types\/post"}],"author":[{"embeddable":true,"href":"https:\/\/m-stil.covermagazin.com\/index.php?rest_route=\/wp\/v2\/users\/1"}],"replies":[{"embeddable":true,"href":"https:\/\/m-stil.covermagazin.com\/index.php?rest_route=%2Fwp%2Fv2%2Fcomments&post=2058"}],"version-history":[{"count":30,"href":"https:\/\/m-stil.covermagazin.com\/index.php?rest_route=\/wp\/v2\/posts\/2058\/revisions"}],"predecessor-version":[{"id":32035,"href":"https:\/\/m-stil.covermagazin.com\/index.php?rest_route=\/wp\/v2\/posts\/2058\/revisions\/32035"}],"wp:attachment":[{"href":"https:\/\/m-stil.covermagazin.com\/index.php?rest_route=%2Fwp%2Fv2%2Fmedia&parent=2058"}],"wp:term":[{"taxonomy":"category","embeddable":true,"href":"https:\/\/m-stil.covermagazin.com\/index.php?rest_route=%2Fwp%2Fv2%2Fcategories&post=2058"},{"taxonomy":"post_tag","embeddable":true,"href":"https:\/\/m-stil.covermagazin.com\/index.php?rest_route=%2Fwp%2Fv2%2Ftags&post=2058"}],"curies":[{"name":"wp","href":"https:\/\/api.w.org\/{rel}","templated":true}]}}