{"id":2120,"date":"2025-03-18T16:52:23","date_gmt":"2025-03-18T14:52:23","guid":{"rendered":"http:\/\/m-stil.covermagazin.com\/?p=2120"},"modified":"2025-03-18T16:52:24","modified_gmt":"2025-03-18T14:52:24","slug":"prada-suncane-naocale","status":"publish","type":"post","link":"https:\/\/m-stil.covermagazin.com\/?p=2120","title":{"rendered":"Prada mu\u0161ke sun\u010dane nao\u010dale za ljeto 2025."},"content":{"rendered":"\n<figure class=\"wp-block-image size-full\"><a href=\"https:\/\/m-stil.covermagazin.com\/wp-content\/uploads\/2020\/05\/Prada-muske-suncane-naocale.jpg\"><img decoding=\"async\" src=\"https:\/\/m-stil.covermagazin.com\/wp-content\/uploads\/2020\/05\/Prada-muske-suncane-naocale.jpg\" alt=\"Prada mu\u0161ke sun\u010dane nao\u010dale\" class=\"wp-image-38795\"\/><\/a><figcaption class=\"wp-element-caption\">Prada mu\u0161ke sun\u010dane nao\u010dale<\/figcaption><\/figure>\n\n\n\n<h2 class=\"wp-block-heading\">Prada mu\u0161ke sun\u010dane nao\u010dale<\/h2>\n\n\n\n<p>Op\u0107enito dizajnerske nao\u010dale su pri\u010da za sebe, pa tako i Prada sun\u010dane nao\u010dale koje su naj\u010de\u0161\u0107e izbor poslovnih mladih ljudi koji prate modu. Prada sun\u010dane nao\u010dale su kvalitetom, dizajnom i trendovima uvijek u vrhu.<\/p>\n\n\n\n<p>Iz kolekcije za slijede\u0107u sezonu izdvajamo neke od slijede\u0107ih:<\/p>\n\n\n\n<figure class=\"wp-block-gallery has-nested-images columns-2 is-cropped wp-block-gallery-1 is-layout-flex wp-block-gallery-is-layout-flex\">\n<figure class=\"wp-block-image size-large\"><a href=\"https:\/\/m-stil.covermagazin.com\/wp-content\/uploads\/2020\/05\/Prada-muske-suncane-naocale-1.jpg\"><img decoding=\"async\" data-id=\"38796\" src=\"https:\/\/m-stil.covermagazin.com\/wp-content\/uploads\/2020\/05\/Prada-muske-suncane-naocale-1.jpg\" alt=\"Prada mu\u0161ke sun\u010dane nao\u010dale\" class=\"wp-image-38796\"\/><\/a><figcaption class=\"wp-element-caption\">Prada mu\u0161ke sun\u010dane nao\u010dale<\/figcaption><\/figure>\n\n\n\n<figure class=\"wp-block-image size-large\"><a href=\"https:\/\/m-stil.covermagazin.com\/wp-content\/uploads\/2020\/05\/Prada-muske-suncane-naocale-2.jpg\"><img decoding=\"async\" data-id=\"38797\" src=\"https:\/\/m-stil.covermagazin.com\/wp-content\/uploads\/2020\/05\/Prada-muske-suncane-naocale-2.jpg\" alt=\"Prada mu\u0161ke sun\u010dane nao\u010dale\" class=\"wp-image-38797\"\/><\/a><figcaption class=\"wp-element-caption\">Prada mu\u0161ke sun\u010dane nao\u010dale<\/figcaption><\/figure>\n\n\n\n<figure class=\"wp-block-image size-large\"><a href=\"https:\/\/m-stil.covermagazin.com\/wp-content\/uploads\/2020\/05\/Prada-muske-suncane-naocale-3.jpg\"><img decoding=\"async\" data-id=\"38798\" src=\"https:\/\/m-stil.covermagazin.com\/wp-content\/uploads\/2020\/05\/Prada-muske-suncane-naocale-3.jpg\" alt=\"Prada mu\u0161ke sun\u010dane nao\u010dale\" class=\"wp-image-38798\"\/><\/a><figcaption class=\"wp-element-caption\">Prada mu\u0161ke sun\u010dane nao\u010dale<\/figcaption><\/figure>\n\n\n\n<figure class=\"wp-block-image size-large\"><a href=\"https:\/\/m-stil.covermagazin.com\/wp-content\/uploads\/2020\/05\/Prada-muske-suncane-naocale-4.jpg\"><img decoding=\"async\" data-id=\"38799\" src=\"https:\/\/m-stil.covermagazin.com\/wp-content\/uploads\/2020\/05\/Prada-muske-suncane-naocale-4.jpg\" alt=\"Prada mu\u0161ke sun\u010dane nao\u010dale\" class=\"wp-image-38799\"\/><\/a><figcaption class=\"wp-element-caption\">Prada mu\u0161ke sun\u010dane nao\u010dale<\/figcaption><\/figure>\n\n\n\n<figure class=\"wp-block-image size-large\"><a href=\"https:\/\/m-stil.covermagazin.com\/wp-content\/uploads\/2020\/05\/Prada-muske-suncane-naocale-5.jpg\"><img decoding=\"async\" data-id=\"38800\" src=\"https:\/\/m-stil.covermagazin.com\/wp-content\/uploads\/2020\/05\/Prada-muske-suncane-naocale-5.jpg\" alt=\"Prada mu\u0161ke sun\u010dane nao\u010dale\" class=\"wp-image-38800\"\/><\/a><figcaption class=\"wp-element-caption\">Prada mu\u0161ke sun\u010dane nao\u010dale<\/figcaption><\/figure>\n\n\n\n<figure class=\"wp-block-image size-large\"><a href=\"https:\/\/m-stil.covermagazin.com\/wp-content\/uploads\/2020\/05\/Prada-muske-suncane-naocale-6.jpg\"><img decoding=\"async\" data-id=\"38801\" src=\"https:\/\/m-stil.covermagazin.com\/wp-content\/uploads\/2020\/05\/Prada-muske-suncane-naocale-6.jpg\" alt=\"Prada mu\u0161ke sun\u010dane nao\u010dale\" class=\"wp-image-38801\"\/><\/a><figcaption class=\"wp-element-caption\">Prada mu\u0161ke sun\u010dane nao\u010dale<\/figcaption><\/figure>\n\n\n\n<figure class=\"wp-block-image size-large\"><a href=\"https:\/\/m-stil.covermagazin.com\/wp-content\/uploads\/2020\/05\/Prada-muske-suncane-naocale-7.jpg\"><img decoding=\"async\" data-id=\"38802\" src=\"https:\/\/m-stil.covermagazin.com\/wp-content\/uploads\/2020\/05\/Prada-muske-suncane-naocale-7.jpg\" alt=\"Prada mu\u0161ke sun\u010dane nao\u010dale\" class=\"wp-image-38802\"\/><\/a><figcaption class=\"wp-element-caption\">Prada mu\u0161ke sun\u010dane nao\u010dale<\/figcaption><\/figure>\n\n\n\n<figure class=\"wp-block-image size-large\"><a href=\"https:\/\/m-stil.covermagazin.com\/wp-content\/uploads\/2020\/05\/Prada-muske-suncane-naocale-8.jpg\"><img decoding=\"async\" data-id=\"38803\" src=\"https:\/\/m-stil.covermagazin.com\/wp-content\/uploads\/2020\/05\/Prada-muske-suncane-naocale-8.jpg\" alt=\"Prada mu\u0161ke sun\u010dane nao\u010dale\" class=\"wp-image-38803\"\/><\/a><figcaption class=\"wp-element-caption\">Prada mu\u0161ke sun\u010dane nao\u010dale<\/figcaption><\/figure>\n<\/figure>\n\n\n\n<p>&nbsp;<\/p>\n","protected":false},"excerpt":{"rendered":"<p>Prada mu\u0161ke sun\u010dane nao\u010dale Op\u0107enito dizajnerske nao\u010dale su pri\u010da za sebe, pa tako i Prada sun\u010dane nao\u010dale koje su naj\u010de\u0161\u0107e izbor poslovnih mladih ljudi koji prate modu. Prada sun\u010dane nao\u010dale su kvalitetom, dizajnom i trendovima uvijek u vrhu. Iz kolekcije za slijede\u0107u sezonu izdvajamo neke od slijede\u0107ih: &nbsp;<\/p>\n","protected":false},"author":3,"featured_media":0,"comment_status":"open","ping_status":"open","sticky":false,"template":"","format":"standard","meta":{"footnotes":""},"categories":[5,8],"tags":[126,160],"class_list":["post-2120","post","type-post","status-publish","format-standard","hentry","category-featured","category-muska_moda","tag-suncane-naocale","tag-muske-naocale"],"_links":{"self":[{"href":"https:\/\/m-stil.covermagazin.com\/index.php?rest_route=\/wp\/v2\/posts\/2120","targetHints":{"allow":["GET"]}}],"collection":[{"href":"https:\/\/m-stil.covermagazin.com\/index.php?rest_route=\/wp\/v2\/posts"}],"about":[{"href":"https:\/\/m-stil.covermagazin.com\/index.php?rest_route=\/wp\/v2\/types\/post"}],"author":[{"embeddable":true,"href":"https:\/\/m-stil.covermagazin.com\/index.php?rest_route=\/wp\/v2\/users\/3"}],"replies":[{"embeddable":true,"href":"https:\/\/m-stil.covermagazin.com\/index.php?rest_route=%2Fwp%2Fv2%2Fcomments&post=2120"}],"version-history":[{"count":5,"href":"https:\/\/m-stil.covermagazin.com\/index.php?rest_route=\/wp\/v2\/posts\/2120\/revisions"}],"predecessor-version":[{"id":38804,"href":"https:\/\/m-stil.covermagazin.com\/index.php?rest_route=\/wp\/v2\/posts\/2120\/revisions\/38804"}],"wp:attachment":[{"href":"https:\/\/m-stil.covermagazin.com\/index.php?rest_route=%2Fwp%2Fv2%2Fmedia&parent=2120"}],"wp:term":[{"taxonomy":"category","embeddable":true,"href":"https:\/\/m-stil.covermagazin.com\/index.php?rest_route=%2Fwp%2Fv2%2Fcategories&post=2120"},{"taxonomy":"post_tag","embeddable":true,"href":"https:\/\/m-stil.covermagazin.com\/index.php?rest_route=%2Fwp%2Fv2%2Ftags&post=2120"}],"curies":[{"name":"wp","href":"https:\/\/api.w.org\/{rel}","templated":true}]}}