{"id":21925,"date":"2012-06-28T21:34:24","date_gmt":"2012-06-28T19:34:24","guid":{"rendered":"http:\/\/m-stil.covermagazin.com\/?p=21925"},"modified":"2024-10-10T19:42:49","modified_gmt":"2024-10-10T17:42:49","slug":"ideje-za-ljeto-sa-stilom","status":"publish","type":"post","link":"https:\/\/m-stil.covermagazin.com\/?p=21925","title":{"rendered":"Ideje za ljeto sa stilom"},"content":{"rendered":"<p>Iako je vru\u0107e i morate se laganije odijevati to ne zna\u010di da ne mo\u017eete biti odjeveni sa stilom. Lagani sako neka bude bonus, ali uvijek budite spremni da ga mo\u017eete skinuti kada iza\u0111ete iz klimatiziranog prostora.<\/p>\n<p>Ovo su neki od prijedloga ljetnih kombinacija:<\/p>\n<p><a href=\"http:\/\/m-stil.covermagazin.com\/wp-content\/uploads\/2012\/06\/muska_moda_4.jpg\"><img loading=\"lazy\" decoding=\"async\" class=\"alignnone size-full wp-image-21926\" title=\"muska_moda_4\" src=\"http:\/\/m-stil.covermagazin.com\/wp-content\/uploads\/2012\/06\/muska_moda_4.jpg\" alt=\"\" width=\"320\" height=\"572\" \/><\/a><\/p>\n<p><a href=\"http:\/\/m-stil.covermagazin.com\/wp-content\/uploads\/2012\/06\/muska_moda_5.jpg\"><img loading=\"lazy\" decoding=\"async\" class=\"alignnone size-full wp-image-21927\" title=\"muska_moda_5\" src=\"http:\/\/m-stil.covermagazin.com\/wp-content\/uploads\/2012\/06\/muska_moda_5.jpg\" alt=\"\" width=\"320\" height=\"619\" \/><\/a><\/p>\n<p><a href=\"http:\/\/m-stil.covermagazin.com\/wp-content\/uploads\/2012\/06\/muska_moda_1.jpg\"><img loading=\"lazy\" decoding=\"async\" class=\"alignnone size-full wp-image-21929\" title=\"muska_moda_1\" src=\"http:\/\/m-stil.covermagazin.com\/wp-content\/uploads\/2012\/06\/muska_moda_1.jpg\" alt=\"\" width=\"320\" height=\"512\" \/><\/a><\/p>\n<p><a href=\"http:\/\/m-stil.covermagazin.com\/wp-content\/uploads\/2012\/06\/muska_moda_2.jpg\"><img loading=\"lazy\" decoding=\"async\" class=\"alignnone size-full wp-image-21930\" title=\"muska_moda_2\" src=\"http:\/\/m-stil.covermagazin.com\/wp-content\/uploads\/2012\/06\/muska_moda_2.jpg\" alt=\"\" width=\"320\" height=\"554\" \/><\/a><\/p>\n<p><a href=\"http:\/\/m-stil.covermagazin.com\/wp-content\/uploads\/2012\/06\/muska_moda_3.jpg\"><img loading=\"lazy\" decoding=\"async\" class=\"alignnone size-full wp-image-21931\" title=\"muska_moda_3\" src=\"http:\/\/m-stil.covermagazin.com\/wp-content\/uploads\/2012\/06\/muska_moda_3.jpg\" alt=\"\" width=\"320\" height=\"563\" \/><\/a><\/p>\n<p>&nbsp;<\/p>\n","protected":false},"excerpt":{"rendered":"<p>Iako je vru\u0107e i morate se laganije odijevati to ne zna\u010di da ne mo\u017eete biti odjeveni sa stilom.<\/p>\n","protected":false},"author":3,"featured_media":0,"comment_status":"open","ping_status":"open","sticky":false,"template":"","format":"standard","meta":{"footnotes":""},"categories":[8],"tags":[46,194,93],"class_list":["post-21925","post","type-post","status-publish","format-standard","hentry","category-muska_moda","tag-muska-moda","tag-muski-sako","tag-musko-odijelo"],"_links":{"self":[{"href":"https:\/\/m-stil.covermagazin.com\/index.php?rest_route=\/wp\/v2\/posts\/21925","targetHints":{"allow":["GET"]}}],"collection":[{"href":"https:\/\/m-stil.covermagazin.com\/index.php?rest_route=\/wp\/v2\/posts"}],"about":[{"href":"https:\/\/m-stil.covermagazin.com\/index.php?rest_route=\/wp\/v2\/types\/post"}],"author":[{"embeddable":true,"href":"https:\/\/m-stil.covermagazin.com\/index.php?rest_route=\/wp\/v2\/users\/3"}],"replies":[{"embeddable":true,"href":"https:\/\/m-stil.covermagazin.com\/index.php?rest_route=%2Fwp%2Fv2%2Fcomments&post=21925"}],"version-history":[{"count":7,"href":"https:\/\/m-stil.covermagazin.com\/index.php?rest_route=\/wp\/v2\/posts\/21925\/revisions"}],"predecessor-version":[{"id":25284,"href":"https:\/\/m-stil.covermagazin.com\/index.php?rest_route=\/wp\/v2\/posts\/21925\/revisions\/25284"}],"wp:attachment":[{"href":"https:\/\/m-stil.covermagazin.com\/index.php?rest_route=%2Fwp%2Fv2%2Fmedia&parent=21925"}],"wp:term":[{"taxonomy":"category","embeddable":true,"href":"https:\/\/m-stil.covermagazin.com\/index.php?rest_route=%2Fwp%2Fv2%2Fcategories&post=21925"},{"taxonomy":"post_tag","embeddable":true,"href":"https:\/\/m-stil.covermagazin.com\/index.php?rest_route=%2Fwp%2Fv2%2Ftags&post=21925"}],"curies":[{"name":"wp","href":"https:\/\/api.w.org\/{rel}","templated":true}]}}