{"id":2339,"date":"2016-07-15T10:40:30","date_gmt":"2016-07-15T08:40:30","guid":{"rendered":"http:\/\/m-stil.covermagazin.com\/?p=2339"},"modified":"2024-10-10T19:23:28","modified_gmt":"2024-10-10T17:23:28","slug":"ruzicasta-kravata-za-ljetne-dane","status":"publish","type":"post","link":"https:\/\/m-stil.covermagazin.com\/?p=2339","title":{"rendered":"Ru\u017ei\u010dasta kravata za ljetne dane"},"content":{"rendered":"<h3><a href=\"http:\/\/m-stil.covermagazin.com\/wp-content\/uploads\/2010\/06\/ruzicacta-kravata.jpg\"><img loading=\"lazy\" decoding=\"async\" class=\"alignnone size-full wp-image-29025\" src=\"http:\/\/m-stil.covermagazin.com\/wp-content\/uploads\/2010\/06\/ruzicacta-kravata.jpg\" alt=\"Ru\u017ei\u010dasta kravata za ljetne dane\" width=\"300\" height=\"219\" \/><\/a><\/h3>\n<h3>Ru\u017ei\u010dasta kravata za ljetne dane<\/h3>\n<p>&nbsp;<\/p>\n<p>Ru\u017ei\u010dasta boja je vesela, odaje dobro raspolo\u017eenje, prijateljski stav i djeluje smiruju\u0107e. Ru\u017ei\u010dasta kravata je postala popularna u zadnjih nekoliko godina. Jako je dobar izbor za prolje\u0107e i ljeto, zbog svoje vedrine i svje\u017eine.<br \/>\nRu\u017ei\u010dasta kravata dobro ide uz sivo, tamno plavo i zagasitih boja odijelo.<\/p>\n<p><a href=\"http:\/\/m-stil.covermagazin.com\/wp-content\/uploads\/2009\/04\/kravata-za-ljetne-dane.jpg\"><img loading=\"lazy\" decoding=\"async\" class=\"aligncenter size-full wp-image-12539\" title=\"kravata za ljetne dane\" src=\"http:\/\/m-stil.covermagazin.com\/wp-content\/uploads\/2009\/04\/kravata-za-ljetne-dane.jpg\" alt=\"kravata za ljetne dane\" width=\"575\" height=\"426\" \/><\/a><\/p>\n","protected":false},"excerpt":{"rendered":"<p>Ru\u017ei\u010dasta boja je vesela, odaje dobro raspolo\u017eenje, prijateljski stav i djeluje smiruju\u0107e. Ru\u017ei\u010dasta kravata je postala popularna u zadnjih nekoliko godina. Jako je dobar izbor za prolje\u0107e i ljeto, zbog svoje vedrine i svje\u017eine.<\/p>\n","protected":false},"author":1,"featured_media":0,"comment_status":"open","ping_status":"open","sticky":false,"template":"","format":"standard","meta":{"footnotes":""},"categories":[8],"tags":[221,116,807,46,854,868],"class_list":["post-2339","post","type-post","status-publish","format-standard","hentry","category-muska_moda","tag-boje-kravate","tag-kravata","tag-modna-pravila-za-muskarce","tag-muska-moda","tag-portal-za-muskarce","tag-sivo-musko-odijelo"],"_links":{"self":[{"href":"https:\/\/m-stil.covermagazin.com\/index.php?rest_route=\/wp\/v2\/posts\/2339","targetHints":{"allow":["GET"]}}],"collection":[{"href":"https:\/\/m-stil.covermagazin.com\/index.php?rest_route=\/wp\/v2\/posts"}],"about":[{"href":"https:\/\/m-stil.covermagazin.com\/index.php?rest_route=\/wp\/v2\/types\/post"}],"author":[{"embeddable":true,"href":"https:\/\/m-stil.covermagazin.com\/index.php?rest_route=\/wp\/v2\/users\/1"}],"replies":[{"embeddable":true,"href":"https:\/\/m-stil.covermagazin.com\/index.php?rest_route=%2Fwp%2Fv2%2Fcomments&post=2339"}],"version-history":[{"count":11,"href":"https:\/\/m-stil.covermagazin.com\/index.php?rest_route=\/wp\/v2\/posts\/2339\/revisions"}],"predecessor-version":[{"id":29026,"href":"https:\/\/m-stil.covermagazin.com\/index.php?rest_route=\/wp\/v2\/posts\/2339\/revisions\/29026"}],"wp:attachment":[{"href":"https:\/\/m-stil.covermagazin.com\/index.php?rest_route=%2Fwp%2Fv2%2Fmedia&parent=2339"}],"wp:term":[{"taxonomy":"category","embeddable":true,"href":"https:\/\/m-stil.covermagazin.com\/index.php?rest_route=%2Fwp%2Fv2%2Fcategories&post=2339"},{"taxonomy":"post_tag","embeddable":true,"href":"https:\/\/m-stil.covermagazin.com\/index.php?rest_route=%2Fwp%2Fv2%2Ftags&post=2339"}],"curies":[{"name":"wp","href":"https:\/\/api.w.org\/{rel}","templated":true}]}}