{"id":2431,"date":"2009-04-23T18:32:44","date_gmt":"2009-04-23T16:32:44","guid":{"rendered":"http:\/\/m-stil.covermagazin.com\/?p=2431"},"modified":"2020-11-22T12:04:17","modified_gmt":"2020-11-22T10:04:17","slug":"gucci-kolekcija-za-proljece-i-ljeto-2009","status":"publish","type":"post","link":"https:\/\/m-stil.covermagazin.com\/?p=2431","title":{"rendered":"Gucci kolekcija za prolje\u0107e i ljeto"},"content":{"rendered":"<p>Gucci kolekcija za prolje\u0107e i ljeto obilovala je jakim bojama. Na reviji ve\u0107ina modela je imala bar jedan dio u nekoj jakoj boji, plavoj tirkiznoj ili ru\u017ei\u010dastoj, dok su tek odijela bila u tamnijim i malo neutralnijim bojama.<\/p>\n<p><a href=\"http:\/\/m-stil.covermagazin.com\/wp-content\/uploads\/2009\/04\/gucci-kolekcija-za-proljece-i-ljeto-2009-1.jpg\"><img loading=\"lazy\" decoding=\"async\" class=\"alignleft size-full wp-image-2432\" title=\"gucci-kolekcija-za-proljece-i-ljeto-2009-1\" src=\"http:\/\/m-stil.covermagazin.com\/wp-content\/uploads\/2009\/04\/gucci-kolekcija-za-proljece-i-ljeto-2009-1.jpg\" alt=\"gucci-kolekcija-za-proljece-i-ljeto-2009-1\" width=\"175\" height=\"300\" \/><\/a><a href=\"http:\/\/m-stil.covermagazin.com\/wp-content\/uploads\/2009\/04\/gucci-kolekcija-za-proljece-i-ljeto-2009-2.jpg\"><img loading=\"lazy\" decoding=\"async\" class=\"alignleft size-full wp-image-2433\" title=\"gucci-kolekcija-za-proljece-i-ljeto-2009-2\" src=\"http:\/\/m-stil.covermagazin.com\/wp-content\/uploads\/2009\/04\/gucci-kolekcija-za-proljece-i-ljeto-2009-2.jpg\" alt=\"gucci-kolekcija-za-proljece-i-ljeto-2009-2\" width=\"175\" height=\"300\" \/><\/a><a href=\"http:\/\/m-stil.covermagazin.com\/wp-content\/uploads\/2009\/04\/gucci-kolekcija-za-proljece-i-ljeto-2009-3.jpg\"><img loading=\"lazy\" decoding=\"async\" class=\"alignleft size-full wp-image-2434\" title=\"gucci-kolekcija-za-proljece-i-ljeto-2009-3\" src=\"http:\/\/m-stil.covermagazin.com\/wp-content\/uploads\/2009\/04\/gucci-kolekcija-za-proljece-i-ljeto-2009-3.jpg\" alt=\"gucci-kolekcija-za-proljece-i-ljeto-2009-3\" width=\"175\" height=\"300\" \/><\/a><a href=\"http:\/\/m-stil.covermagazin.com\/wp-content\/uploads\/2009\/04\/gucci-kolekcija-za-proljece-i-ljeto-2009-4.jpg\"><img loading=\"lazy\" decoding=\"async\" class=\"alignleft size-full wp-image-2435\" title=\"gucci-kolekcija-za-proljece-i-ljeto-2009-4\" src=\"http:\/\/m-stil.covermagazin.com\/wp-content\/uploads\/2009\/04\/gucci-kolekcija-za-proljece-i-ljeto-2009-4.jpg\" alt=\"gucci-kolekcija-za-proljece-i-ljeto-2009-4\" width=\"175\" height=\"300\" \/><\/a><a href=\"http:\/\/m-stil.covermagazin.com\/wp-content\/uploads\/2009\/04\/gucci-kolekcija-za-proljece-i-ljeto-2009-5.jpg\"><img loading=\"lazy\" decoding=\"async\" class=\"alignleft size-full wp-image-2436\" title=\"gucci-kolekcija-za-proljece-i-ljeto-2009-5\" src=\"http:\/\/m-stil.covermagazin.com\/wp-content\/uploads\/2009\/04\/gucci-kolekcija-za-proljece-i-ljeto-2009-5.jpg\" alt=\"gucci-kolekcija-za-proljece-i-ljeto-2009-5\" width=\"175\" height=\"300\" \/><\/a><a href=\"http:\/\/m-stil.covermagazin.com\/wp-content\/uploads\/2009\/04\/gucci-kolekcija-za-proljece-i-ljeto-2009-6.jpg\"><img loading=\"lazy\" decoding=\"async\" class=\"alignleft size-full wp-image-2437\" title=\"gucci-kolekcija-za-proljece-i-ljeto-2009-6\" src=\"http:\/\/m-stil.covermagazin.com\/wp-content\/uploads\/2009\/04\/gucci-kolekcija-za-proljece-i-ljeto-2009-6.jpg\" alt=\"gucci-kolekcija-za-proljece-i-ljeto-2009-6\" width=\"175\" height=\"300\" \/><\/a><\/p>\n","protected":false},"excerpt":{"rendered":"<p>Gucci kolekcija za prolje\u0107e i ljeto obilovala je jakim bojama. Na reviji ve\u0107ina modela je imala bar jedan dio u nekoj jakoj boji, plavoj tirkiznoj ili ru\u017ei\u010dastoj, dok su tek odijela bila u tamnijim i malo neutralnijim bojama.<\/p>\n","protected":false},"author":1,"featured_media":0,"comment_status":"open","ping_status":"open","sticky":false,"template":"","format":"standard","meta":{"footnotes":""},"categories":[8],"tags":[46],"class_list":["post-2431","post","type-post","status-publish","format-standard","hentry","category-muska_moda","tag-muska-moda"],"_links":{"self":[{"href":"https:\/\/m-stil.covermagazin.com\/index.php?rest_route=\/wp\/v2\/posts\/2431","targetHints":{"allow":["GET"]}}],"collection":[{"href":"https:\/\/m-stil.covermagazin.com\/index.php?rest_route=\/wp\/v2\/posts"}],"about":[{"href":"https:\/\/m-stil.covermagazin.com\/index.php?rest_route=\/wp\/v2\/types\/post"}],"author":[{"embeddable":true,"href":"https:\/\/m-stil.covermagazin.com\/index.php?rest_route=\/wp\/v2\/users\/1"}],"replies":[{"embeddable":true,"href":"https:\/\/m-stil.covermagazin.com\/index.php?rest_route=%2Fwp%2Fv2%2Fcomments&post=2431"}],"version-history":[{"count":5,"href":"https:\/\/m-stil.covermagazin.com\/index.php?rest_route=\/wp\/v2\/posts\/2431\/revisions"}],"predecessor-version":[{"id":35359,"href":"https:\/\/m-stil.covermagazin.com\/index.php?rest_route=\/wp\/v2\/posts\/2431\/revisions\/35359"}],"wp:attachment":[{"href":"https:\/\/m-stil.covermagazin.com\/index.php?rest_route=%2Fwp%2Fv2%2Fmedia&parent=2431"}],"wp:term":[{"taxonomy":"category","embeddable":true,"href":"https:\/\/m-stil.covermagazin.com\/index.php?rest_route=%2Fwp%2Fv2%2Fcategories&post=2431"},{"taxonomy":"post_tag","embeddable":true,"href":"https:\/\/m-stil.covermagazin.com\/index.php?rest_route=%2Fwp%2Fv2%2Ftags&post=2431"}],"curies":[{"name":"wp","href":"https:\/\/api.w.org\/{rel}","templated":true}]}}