{"id":2463,"date":"2015-03-25T13:00:45","date_gmt":"2015-03-25T11:00:45","guid":{"rendered":"http:\/\/m-stil.covermagazin.com\/?p=2463"},"modified":"2024-10-10T19:23:28","modified_gmt":"2024-10-10T17:23:28","slug":"optimisticni-ste-stavite-zutu-kravatu","status":"publish","type":"post","link":"https:\/\/m-stil.covermagazin.com\/?p=2463","title":{"rendered":"Optimisti\u010dni ste?! Stavite \u017eutu kravatu!"},"content":{"rendered":"<h3><a href=\"http:\/\/m-stil.covermagazin.com\/wp-content\/uploads\/2010\/06\/zuta-kravata.jpg\"><img loading=\"lazy\" decoding=\"async\" class=\"alignnone size-full wp-image-29306\" src=\"http:\/\/m-stil.covermagazin.com\/wp-content\/uploads\/2010\/06\/zuta-kravata.jpg\" alt=\"zuta-kravata\" width=\"300\" height=\"220\" \/><\/a><\/h3>\n<h3>Optimisti\u010dni ste?! Stavite \u017eutu kravatu!<\/h3>\n<p>\u017dute kravate djeluju veselo i vedro. Idealne su za prolje\u0107e i ljeto, tj. sun\u010dane dane. \u017duta boja zra\u010di optimizmom i zadovoljstvom. S obzirom da to nije uobi\u010dajena boja za kravatu oni koji je nose djeluju samopouzdano, ali i modno osvije\u0161teno.<br \/>\nZa neutralniji dojam birajte nje\u017enije i neutralnije nijanse \u017eute.<\/p>\n<p>\u017dute kravate se vrlo dobro sla\u017eu s ve\u0107inom ko\u0161ulja uklju\u010duju\u0107i klasi\u010dnu bijelu, plavu i crnu.<\/p>\n<p><a href=\"http:\/\/m-stil.covermagazin.com\/wp-content\/uploads\/2009\/04\/zuta-kravata.jpg\"><img loading=\"lazy\" decoding=\"async\" class=\"aligncenter size-full wp-image-12541\" title=\"zuta-kravata\" src=\"http:\/\/m-stil.covermagazin.com\/wp-content\/uploads\/2009\/04\/zuta-kravata.jpg\" alt=\"zuta-kravata\" width=\"575\" height=\"426\" \/><\/a><\/p>\n","protected":false},"excerpt":{"rendered":"<p>\u017dute kravate djeluju veselo i vedro. Idealne su za prolje\u0107e i ljeto, tj. sun\u010dane dane. \u017duta boja zra\u010di optimizmom i zadovoljstvom. S obzirom da to nije uobi\u010dajena boja za kravatu oni koji je nose djeluju samopouzdano, ali i modno osvije\u0161teno.<\/p>\n","protected":false},"author":1,"featured_media":0,"comment_status":"open","ping_status":"open","sticky":false,"template":"","format":"standard","meta":{"footnotes":""},"categories":[8],"tags":[221,116,807,46,854],"class_list":["post-2463","post","type-post","status-publish","format-standard","hentry","category-muska_moda","tag-boje-kravate","tag-kravata","tag-modna-pravila-za-muskarce","tag-muska-moda","tag-portal-za-muskarce"],"_links":{"self":[{"href":"https:\/\/m-stil.covermagazin.com\/index.php?rest_route=\/wp\/v2\/posts\/2463","targetHints":{"allow":["GET"]}}],"collection":[{"href":"https:\/\/m-stil.covermagazin.com\/index.php?rest_route=\/wp\/v2\/posts"}],"about":[{"href":"https:\/\/m-stil.covermagazin.com\/index.php?rest_route=\/wp\/v2\/types\/post"}],"author":[{"embeddable":true,"href":"https:\/\/m-stil.covermagazin.com\/index.php?rest_route=\/wp\/v2\/users\/1"}],"replies":[{"embeddable":true,"href":"https:\/\/m-stil.covermagazin.com\/index.php?rest_route=%2Fwp%2Fv2%2Fcomments&post=2463"}],"version-history":[{"count":11,"href":"https:\/\/m-stil.covermagazin.com\/index.php?rest_route=\/wp\/v2\/posts\/2463\/revisions"}],"predecessor-version":[{"id":29307,"href":"https:\/\/m-stil.covermagazin.com\/index.php?rest_route=\/wp\/v2\/posts\/2463\/revisions\/29307"}],"wp:attachment":[{"href":"https:\/\/m-stil.covermagazin.com\/index.php?rest_route=%2Fwp%2Fv2%2Fmedia&parent=2463"}],"wp:term":[{"taxonomy":"category","embeddable":true,"href":"https:\/\/m-stil.covermagazin.com\/index.php?rest_route=%2Fwp%2Fv2%2Fcategories&post=2463"},{"taxonomy":"post_tag","embeddable":true,"href":"https:\/\/m-stil.covermagazin.com\/index.php?rest_route=%2Fwp%2Fv2%2Ftags&post=2463"}],"curies":[{"name":"wp","href":"https:\/\/api.w.org\/{rel}","templated":true}]}}