{"id":2555,"date":"2009-04-24T12:46:04","date_gmt":"2009-04-24T10:46:04","guid":{"rendered":"http:\/\/m-stil.covermagazin.com\/?p=2555"},"modified":"2020-11-22T12:05:02","modified_gmt":"2020-11-22T10:05:02","slug":"versace-kolekcija-za-proljece-2009","status":"publish","type":"post","link":"https:\/\/m-stil.covermagazin.com\/?p=2555","title":{"rendered":"Versace kolekcija za prolje\u0107e"},"content":{"rendered":"<p>Predstavljene kolekcija Versace je uglavnom u svijetlim proljetnim bojama, dominira bijela uz plavu. S tim da se odjela kako u svijetlim tako i u tamnim bojama.<\/p>\n<p>Versace mu\u0161ka odje\u0107a i odjela za prolje\u0107e:<\/p>\n<p><a href=\"http:\/\/m-stil.covermagazin.com\/wp-content\/uploads\/2009\/04\/versace-odjeca-za-proljece-2009.jpg\"><img loading=\"lazy\" decoding=\"async\" class=\"size-full wp-image-2556 alignleft\" title=\"versace-odjeca-za-proljece-2009\" src=\"http:\/\/m-stil.covermagazin.com\/wp-content\/uploads\/2009\/04\/versace-odjeca-za-proljece-2009.jpg\" alt=\"versace-odjeca-za-proljece-2009\" width=\"175\" height=\"300\" \/><\/a><a href=\"http:\/\/m-stil.covermagazin.com\/wp-content\/uploads\/2009\/04\/versace-odjeca-za-proljece-2009-1.jpg\"><img loading=\"lazy\" decoding=\"async\" class=\"size-full wp-image-2557 alignleft\" title=\"versace-odjeca-za-proljece-2009-1\" src=\"http:\/\/m-stil.covermagazin.com\/wp-content\/uploads\/2009\/04\/versace-odjeca-za-proljece-2009-1.jpg\" alt=\"versace-odjeca-za-proljece-2009-1\" width=\"175\" height=\"300\" \/><\/a><a href=\"http:\/\/m-stil.covermagazin.com\/wp-content\/uploads\/2009\/04\/versace-odjeca-za-proljece-2009-2.jpg\"><img loading=\"lazy\" decoding=\"async\" class=\"alignleft size-full wp-image-2559\" title=\"versace-odjeca-za-proljece-2009-2\" src=\"http:\/\/m-stil.covermagazin.com\/wp-content\/uploads\/2009\/04\/versace-odjeca-za-proljece-2009-2.jpg\" alt=\"versace-odjeca-za-proljece-2009-2\" width=\"175\" height=\"300\" \/><\/a><a href=\"http:\/\/m-stil.covermagazin.com\/wp-content\/uploads\/2009\/04\/versace-odjeca-za-proljece-2009-4.jpg\"><img loading=\"lazy\" decoding=\"async\" class=\"alignleft size-full wp-image-2560\" title=\"versace-odjeca-za-proljece-2009-4\" src=\"http:\/\/m-stil.covermagazin.com\/wp-content\/uploads\/2009\/04\/versace-odjeca-za-proljece-2009-4.jpg\" alt=\"versace-odjeca-za-proljece-2009-4\" width=\"175\" height=\"300\" \/><\/a><a href=\"http:\/\/m-stil.covermagazin.com\/wp-content\/uploads\/2009\/04\/versace-odjeca-za-proljece-2009-5.jpg\"><img loading=\"lazy\" decoding=\"async\" class=\"alignleft size-full wp-image-2561\" title=\"versace-odjeca-za-proljece-2009-5\" src=\"http:\/\/m-stil.covermagazin.com\/wp-content\/uploads\/2009\/04\/versace-odjeca-za-proljece-2009-5.jpg\" alt=\"versace-odjeca-za-proljece-2009-5\" width=\"175\" height=\"300\" \/><\/a><a href=\"http:\/\/m-stil.covermagazin.com\/wp-content\/uploads\/2009\/04\/versace-odjeca-za-proljece-2009-6.jpg\"><img loading=\"lazy\" decoding=\"async\" class=\"alignleft size-full wp-image-2562\" title=\"versace-odjeca-za-proljece-2009-6\" src=\"http:\/\/m-stil.covermagazin.com\/wp-content\/uploads\/2009\/04\/versace-odjeca-za-proljece-2009-6.jpg\" alt=\"versace-odjeca-za-proljece-2009-6\" width=\"175\" height=\"300\" \/><\/a><\/p>\n","protected":false},"excerpt":{"rendered":"<p>Predstavljene kolekcija Versace je uglavnom u svijetlim proljetnim bojama, dominira bijela uz plavu. S tim da se odjela kako u svijetlim tako i u tamnim bojama. Versace mu\u0161ka odje\u0107a i odjela za prolje\u0107e:<\/p>\n","protected":false},"author":3,"featured_media":0,"comment_status":"open","ping_status":"open","sticky":false,"template":"","format":"standard","meta":{"footnotes":""},"categories":[8],"tags":[213,46],"class_list":["post-2555","post","type-post","status-publish","format-standard","hentry","category-muska_moda","tag-muska-odjeca","tag-muska-moda"],"_links":{"self":[{"href":"https:\/\/m-stil.covermagazin.com\/index.php?rest_route=\/wp\/v2\/posts\/2555","targetHints":{"allow":["GET"]}}],"collection":[{"href":"https:\/\/m-stil.covermagazin.com\/index.php?rest_route=\/wp\/v2\/posts"}],"about":[{"href":"https:\/\/m-stil.covermagazin.com\/index.php?rest_route=\/wp\/v2\/types\/post"}],"author":[{"embeddable":true,"href":"https:\/\/m-stil.covermagazin.com\/index.php?rest_route=\/wp\/v2\/users\/3"}],"replies":[{"embeddable":true,"href":"https:\/\/m-stil.covermagazin.com\/index.php?rest_route=%2Fwp%2Fv2%2Fcomments&post=2555"}],"version-history":[{"count":3,"href":"https:\/\/m-stil.covermagazin.com\/index.php?rest_route=\/wp\/v2\/posts\/2555\/revisions"}],"predecessor-version":[{"id":35362,"href":"https:\/\/m-stil.covermagazin.com\/index.php?rest_route=\/wp\/v2\/posts\/2555\/revisions\/35362"}],"wp:attachment":[{"href":"https:\/\/m-stil.covermagazin.com\/index.php?rest_route=%2Fwp%2Fv2%2Fmedia&parent=2555"}],"wp:term":[{"taxonomy":"category","embeddable":true,"href":"https:\/\/m-stil.covermagazin.com\/index.php?rest_route=%2Fwp%2Fv2%2Fcategories&post=2555"},{"taxonomy":"post_tag","embeddable":true,"href":"https:\/\/m-stil.covermagazin.com\/index.php?rest_route=%2Fwp%2Fv2%2Ftags&post=2555"}],"curies":[{"name":"wp","href":"https:\/\/api.w.org\/{rel}","templated":true}]}}