{"id":2584,"date":"2009-04-25T10:03:59","date_gmt":"2009-04-25T08:03:59","guid":{"rendered":"http:\/\/m-stil.covermagazin.com\/?p=2584"},"modified":"2009-04-27T13:36:14","modified_gmt":"2009-04-27T11:36:14","slug":"hugo-boss-muska-odjela","status":"publish","type":"post","link":"https:\/\/m-stil.covermagazin.com\/?p=2584","title":{"rendered":"Hugo Boss mu\u0161ka odjela"},"content":{"rendered":"<p>Hugo Boss ozna\u010dava eleganciju i stil. Mu\u0161ka odjela Hugo Boss su \u010dest izbor poslovnih ljudi. Iako se svako sezone mijenjaju Hugo Boss odjela ostaju klasi\u010dna i svako odjelo mo\u017eete nositi nekoliko sezona.<\/p>\n<p>Izbor Hugo Boss mu\u0161kih odjela za sezonu i prolje\u0107e 2009.<\/p>\n<p><a href=\"http:\/\/m-stil.covermagazin.com\/wp-content\/uploads\/2009\/04\/hugo-boss-muska-odjela-11.jpg\"><img loading=\"lazy\" decoding=\"async\" class=\"alignleft size-full wp-image-2588\" title=\"hugo-boss-muska-odjela-11\" src=\"http:\/\/m-stil.covermagazin.com\/wp-content\/uploads\/2009\/04\/hugo-boss-muska-odjela-11.jpg\" alt=\"hugo-boss-muska-odjela-11\" width=\"130\" height=\"300\" \/><\/a><a href=\"http:\/\/m-stil.covermagazin.com\/wp-content\/uploads\/2009\/04\/hugo-boss-muska-odjela-12.jpg\"><img loading=\"lazy\" decoding=\"async\" class=\"alignleft size-full wp-image-2589\" title=\"hugo-boss-muska-odjela-12\" src=\"http:\/\/m-stil.covermagazin.com\/wp-content\/uploads\/2009\/04\/hugo-boss-muska-odjela-12.jpg\" alt=\"hugo-boss-muska-odjela-12\" width=\"130\" height=\"300\" \/><\/a><a href=\"http:\/\/m-stil.covermagazin.com\/wp-content\/uploads\/2009\/04\/hugo-boss-muska-odjela-13.jpg\"><img loading=\"lazy\" decoding=\"async\" class=\"alignleft size-full wp-image-2590\" title=\"hugo-boss-muska-odjela-13\" src=\"http:\/\/m-stil.covermagazin.com\/wp-content\/uploads\/2009\/04\/hugo-boss-muska-odjela-13.jpg\" alt=\"hugo-boss-muska-odjela-13\" width=\"130\" height=\"300\" \/><\/a><a href=\"http:\/\/m-stil.covermagazin.com\/wp-content\/uploads\/2009\/04\/hugo-boss-muska-odjela-14.jpg\"><img loading=\"lazy\" decoding=\"async\" class=\"alignleft size-full wp-image-2591\" title=\"hugo-boss-muska-odjela-14\" src=\"http:\/\/m-stil.covermagazin.com\/wp-content\/uploads\/2009\/04\/hugo-boss-muska-odjela-14.jpg\" alt=\"hugo-boss-muska-odjela-14\" width=\"130\" height=\"300\" \/><\/a><a href=\"http:\/\/m-stil.covermagazin.com\/wp-content\/uploads\/2009\/04\/hugo-boss-muska-odjela-15.jpg\"><img loading=\"lazy\" decoding=\"async\" class=\"alignleft size-full wp-image-2592\" title=\"hugo-boss-muska-odjela-15\" src=\"http:\/\/m-stil.covermagazin.com\/wp-content\/uploads\/2009\/04\/hugo-boss-muska-odjela-15.jpg\" alt=\"hugo-boss-muska-odjela-15\" width=\"130\" height=\"300\" \/><\/a><a href=\"http:\/\/m-stil.covermagazin.com\/wp-content\/uploads\/2009\/04\/hugo-boss-muska-odjela-16.jpg\"><img loading=\"lazy\" decoding=\"async\" class=\"alignleft size-full wp-image-2593\" title=\"hugo-boss-muska-odjela-16\" src=\"http:\/\/m-stil.covermagazin.com\/wp-content\/uploads\/2009\/04\/hugo-boss-muska-odjela-16.jpg\" alt=\"hugo-boss-muska-odjela-16\" width=\"130\" height=\"300\" \/><\/a><\/p>\n","protected":false},"excerpt":{"rendered":"<p>Hugo Boss ozna\u010dava eleganciju i stil. Mu\u0161ka odjela Hugo Boss su \u010dest izbor poslovnih ljudi. Iako se svako sezone mijenjaju Hugo Boss odjela ostaju klasi\u010dna i svako odjelo mo\u017eete nositi nekoliko sezona. Izbor Hugo Boss mu\u0161kih odjela za sezonu i prolje\u0107e 2009.<\/p>\n","protected":false},"author":1,"featured_media":0,"comment_status":"open","ping_status":"open","sticky":false,"template":"","format":"standard","meta":{"footnotes":""},"categories":[8],"tags":[46],"class_list":["post-2584","post","type-post","status-publish","format-standard","hentry","category-muska_moda","tag-muska-moda"],"_links":{"self":[{"href":"https:\/\/m-stil.covermagazin.com\/index.php?rest_route=\/wp\/v2\/posts\/2584","targetHints":{"allow":["GET"]}}],"collection":[{"href":"https:\/\/m-stil.covermagazin.com\/index.php?rest_route=\/wp\/v2\/posts"}],"about":[{"href":"https:\/\/m-stil.covermagazin.com\/index.php?rest_route=\/wp\/v2\/types\/post"}],"author":[{"embeddable":true,"href":"https:\/\/m-stil.covermagazin.com\/index.php?rest_route=\/wp\/v2\/users\/1"}],"replies":[{"embeddable":true,"href":"https:\/\/m-stil.covermagazin.com\/index.php?rest_route=%2Fwp%2Fv2%2Fcomments&post=2584"}],"version-history":[{"count":3,"href":"https:\/\/m-stil.covermagazin.com\/index.php?rest_route=\/wp\/v2\/posts\/2584\/revisions"}],"predecessor-version":[{"id":2696,"href":"https:\/\/m-stil.covermagazin.com\/index.php?rest_route=\/wp\/v2\/posts\/2584\/revisions\/2696"}],"wp:attachment":[{"href":"https:\/\/m-stil.covermagazin.com\/index.php?rest_route=%2Fwp%2Fv2%2Fmedia&parent=2584"}],"wp:term":[{"taxonomy":"category","embeddable":true,"href":"https:\/\/m-stil.covermagazin.com\/index.php?rest_route=%2Fwp%2Fv2%2Fcategories&post=2584"},{"taxonomy":"post_tag","embeddable":true,"href":"https:\/\/m-stil.covermagazin.com\/index.php?rest_route=%2Fwp%2Fv2%2Ftags&post=2584"}],"curies":[{"name":"wp","href":"https:\/\/api.w.org\/{rel}","templated":true}]}}