{"id":26122,"date":"2013-03-28T09:56:57","date_gmt":"2013-03-28T07:56:57","guid":{"rendered":"http:\/\/m-stil.covermagazin.com\/?p=26122"},"modified":"2020-11-22T17:30:24","modified_gmt":"2020-11-22T15:30:24","slug":"gucci-muske-naocale-za-proljece-2013","status":"publish","type":"post","link":"https:\/\/m-stil.covermagazin.com\/?p=26122","title":{"rendered":"Gucci mu\u0161ke nao\u010dale za prolje\u0107e"},"content":{"rendered":"<p>Kombinacija jakih boja i istaknutih detalja odlika je nove kolekcije Gucci nao\u010dala za prolje\u0107e i ljeto. Okviri su \u010desto nagla\u0161eni, pa \u010dak i u dvije boje.<br \/>\nGucci nao\u010dale za prolje\u0107e\/ljeto :<\/p>\n<p><a href=\"http:\/\/m-stil.covermagazin.com\/wp-content\/uploads\/2013\/03\/Gucci_naocale_1.jpg\"><img loading=\"lazy\" decoding=\"async\" class=\"alignnone size-full wp-image-26123\" src=\"http:\/\/m-stil.covermagazin.com\/wp-content\/uploads\/2013\/03\/Gucci_naocale_1.jpg\" alt=\"Gucci_naocale_1\" width=\"550\" height=\"366\" \/><\/a> <a href=\"http:\/\/m-stil.covermagazin.com\/wp-content\/uploads\/2013\/03\/Gucci_naocale_2.jpg\"><img loading=\"lazy\" decoding=\"async\" class=\"alignnone size-full wp-image-26124\" src=\"http:\/\/m-stil.covermagazin.com\/wp-content\/uploads\/2013\/03\/Gucci_naocale_2.jpg\" alt=\"Gucci_naocale_2\" width=\"550\" height=\"366\" \/><\/a> <a href=\"http:\/\/m-stil.covermagazin.com\/wp-content\/uploads\/2013\/03\/Gucci_naocale_3.jpg\"><img loading=\"lazy\" decoding=\"async\" class=\"alignnone size-full wp-image-26125\" src=\"http:\/\/m-stil.covermagazin.com\/wp-content\/uploads\/2013\/03\/Gucci_naocale_3.jpg\" alt=\"Gucci_naocale_3\" width=\"550\" height=\"366\" \/><\/a> <a href=\"http:\/\/m-stil.covermagazin.com\/wp-content\/uploads\/2013\/03\/Gucci_naocale_4.jpg\"><img loading=\"lazy\" decoding=\"async\" class=\"alignnone size-full wp-image-26126\" src=\"http:\/\/m-stil.covermagazin.com\/wp-content\/uploads\/2013\/03\/Gucci_naocale_4.jpg\" alt=\"Gucci_naocale_4\" width=\"550\" height=\"276\" \/><\/a> <a href=\"http:\/\/m-stil.covermagazin.com\/wp-content\/uploads\/2013\/03\/Gucci_naocale_5.jpg\"><img loading=\"lazy\" decoding=\"async\" class=\"alignnone size-full wp-image-26127\" src=\"http:\/\/m-stil.covermagazin.com\/wp-content\/uploads\/2013\/03\/Gucci_naocale_5.jpg\" alt=\"Gucci_naocale_5\" width=\"550\" height=\"276\" \/><\/a> <a href=\"http:\/\/m-stil.covermagazin.com\/wp-content\/uploads\/2013\/03\/Gucci_naocale_6.jpg\"><img loading=\"lazy\" decoding=\"async\" class=\"alignnone size-full wp-image-26128\" src=\"http:\/\/m-stil.covermagazin.com\/wp-content\/uploads\/2013\/03\/Gucci_naocale_6.jpg\" alt=\"Gucci_naocale_6\" width=\"550\" height=\"276\" \/><\/a> <a href=\"http:\/\/m-stil.covermagazin.com\/wp-content\/uploads\/2013\/03\/Gucci_naocale_7.jpg\"><img loading=\"lazy\" decoding=\"async\" class=\"alignnone size-full wp-image-26129\" src=\"http:\/\/m-stil.covermagazin.com\/wp-content\/uploads\/2013\/03\/Gucci_naocale_7.jpg\" alt=\"Gucci_naocale_7\" width=\"550\" height=\"276\" \/><\/a><\/p>\n","protected":false},"excerpt":{"rendered":"<p>Kombinacija jakih boja i istaknutih detalja odlika je nove kolekcije Gucci nao\u010dala za&#8230;<\/p>\n","protected":false},"author":3,"featured_media":0,"comment_status":"open","ping_status":"open","sticky":false,"template":"","format":"standard","meta":{"footnotes":""},"categories":[8],"tags":[159,163,126,160],"class_list":["post-26122","post","type-post","status-publish","format-standard","hentry","category-muska_moda","tag-dioptrijske-naocale","tag-naocale-za-vid","tag-suncane-naocale","tag-muske-naocale"],"_links":{"self":[{"href":"https:\/\/m-stil.covermagazin.com\/index.php?rest_route=\/wp\/v2\/posts\/26122","targetHints":{"allow":["GET"]}}],"collection":[{"href":"https:\/\/m-stil.covermagazin.com\/index.php?rest_route=\/wp\/v2\/posts"}],"about":[{"href":"https:\/\/m-stil.covermagazin.com\/index.php?rest_route=\/wp\/v2\/types\/post"}],"author":[{"embeddable":true,"href":"https:\/\/m-stil.covermagazin.com\/index.php?rest_route=\/wp\/v2\/users\/3"}],"replies":[{"embeddable":true,"href":"https:\/\/m-stil.covermagazin.com\/index.php?rest_route=%2Fwp%2Fv2%2Fcomments&post=26122"}],"version-history":[{"count":6,"href":"https:\/\/m-stil.covermagazin.com\/index.php?rest_route=\/wp\/v2\/posts\/26122\/revisions"}],"predecessor-version":[{"id":35689,"href":"https:\/\/m-stil.covermagazin.com\/index.php?rest_route=\/wp\/v2\/posts\/26122\/revisions\/35689"}],"wp:attachment":[{"href":"https:\/\/m-stil.covermagazin.com\/index.php?rest_route=%2Fwp%2Fv2%2Fmedia&parent=26122"}],"wp:term":[{"taxonomy":"category","embeddable":true,"href":"https:\/\/m-stil.covermagazin.com\/index.php?rest_route=%2Fwp%2Fv2%2Fcategories&post=26122"},{"taxonomy":"post_tag","embeddable":true,"href":"https:\/\/m-stil.covermagazin.com\/index.php?rest_route=%2Fwp%2Fv2%2Ftags&post=26122"}],"curies":[{"name":"wp","href":"https:\/\/api.w.org\/{rel}","templated":true}]}}