{"id":26249,"date":"2025-03-18T16:28:07","date_gmt":"2025-03-18T14:28:07","guid":{"rendered":"http:\/\/m-stil.covermagazin.com\/?p=26249"},"modified":"2025-03-18T16:28:07","modified_gmt":"2025-03-18T14:28:07","slug":"suncane-naocale-dolce-gabbana-za-proljece-2013","status":"publish","type":"post","link":"https:\/\/m-stil.covermagazin.com\/?p=26249","title":{"rendered":"Mu\u0161ke sun\u010dane nao\u010dale Dolce &amp; Gabbana za prolje\u0107e i ljeto 2025."},"content":{"rendered":"\n<figure class=\"wp-block-image size-full\"><a href=\"https:\/\/m-stil.covermagazin.com\/wp-content\/uploads\/2021\/02\/Muske-suncane-naocale-Dolce-Gabbana.jpg\"><img decoding=\"async\" src=\"https:\/\/m-stil.covermagazin.com\/wp-content\/uploads\/2021\/02\/Muske-suncane-naocale-Dolce-Gabbana.jpg\" alt=\"Mu\u0161ke sun\u010dane nao\u010dale Dolce &amp; Gabbana\" class=\"wp-image-38776\"\/><\/a><figcaption class=\"wp-element-caption\">Mu\u0161ke sun\u010dane nao\u010dale Dolce &#038; Gabbana<\/figcaption><\/figure>\n\n\n\n<h2 class=\"wp-block-heading\">Mu\u0161ke sun\u010dane nao\u010dale Dolce &amp; Gabbana za prolje\u0107e i ljeto<\/h2>\n\n\n\n<p>Kolekcija sun\u010danih nao\u010dala Dolce &amp; Gabbana za sezonu prolje\u0107e i ljeto odlikuje se bojama.<\/p>\n\n\n\n<p>Za moderan stil mo\u017eete izabrati nao\u010dale u tamno plavoj, sme\u0111oj ili tamno zelenoj boji, kao i kombinaciji boja. Ako \u017eelite pokazati osobnost, a ne \u017eelite boje, tada se fokusirajte na oblike.\u00a0 Ova kolekcija \u0107e vam to omogu\u0107iti budu\u0107i. Ove sezone moderni su i plasti\u010dni i metalni okviri. za razliku od nekih sezona kada se predstavi jedan dominantan stil nao\u010dala, ove sezone prevladava raznolikost, kako u bojama, materijalima, tako i oblicima i veli\u010dini sun\u010danih nao\u010dala. <\/p>\n\n\n\n<h2 class=\"wp-block-heading\">Mu\u0161ke sun\u010dane nao\u010dale Dolce &amp; Gabbana<\/h2>\n\n\n\n<figure class=\"wp-block-gallery has-nested-images columns-1 is-cropped wp-block-gallery-1 is-layout-flex wp-block-gallery-is-layout-flex\">\n<figure class=\"wp-block-image size-large\"><a href=\"https:\/\/m-stil.covermagazin.com\/wp-content\/uploads\/2021\/02\/Muske-suncane-naocale-Dolce-Gabbana-1.jpg\"><img decoding=\"async\" data-id=\"38777\" src=\"https:\/\/m-stil.covermagazin.com\/wp-content\/uploads\/2021\/02\/Muske-suncane-naocale-Dolce-Gabbana-1.jpg\" alt=\"Mu\u0161ke sun\u010dane nao\u010dale Dolce &amp; Gabbana\" class=\"wp-image-38777\"\/><\/a><figcaption class=\"wp-element-caption\">Mu\u0161ke sun\u010dane nao\u010dale Dolce &amp; Gabbana<\/figcaption><\/figure>\n\n\n\n<figure class=\"wp-block-image size-large\"><a href=\"https:\/\/m-stil.covermagazin.com\/wp-content\/uploads\/2021\/02\/Muske-suncane-naocale-Dolce-Gabbana-2.jpg\"><img decoding=\"async\" data-id=\"38778\" src=\"https:\/\/m-stil.covermagazin.com\/wp-content\/uploads\/2021\/02\/Muske-suncane-naocale-Dolce-Gabbana-2.jpg\" alt=\"Mu\u0161ke sun\u010dane nao\u010dale Dolce &amp; Gabbana\" class=\"wp-image-38778\"\/><\/a><figcaption class=\"wp-element-caption\">Mu\u0161ke sun\u010dane nao\u010dale Dolce &amp; Gabbana<\/figcaption><\/figure>\n\n\n\n<figure class=\"wp-block-image size-large\"><a href=\"https:\/\/m-stil.covermagazin.com\/wp-content\/uploads\/2021\/02\/Muske-suncane-naocale-Dolce-Gabbana-3.jpg\"><img decoding=\"async\" data-id=\"38779\" src=\"https:\/\/m-stil.covermagazin.com\/wp-content\/uploads\/2021\/02\/Muske-suncane-naocale-Dolce-Gabbana-3.jpg\" alt=\"Mu\u0161ke sun\u010dane nao\u010dale Dolce &amp; Gabbana\" class=\"wp-image-38779\"\/><\/a><figcaption class=\"wp-element-caption\">Mu\u0161ke sun\u010dane nao\u010dale Dolce &amp; Gabbana<\/figcaption><\/figure>\n\n\n\n<figure class=\"wp-block-image size-large\"><a href=\"https:\/\/m-stil.covermagazin.com\/wp-content\/uploads\/2021\/02\/Muske-suncane-naocale-Dolce-Gabbana-4.jpg\"><img decoding=\"async\" data-id=\"38780\" src=\"https:\/\/m-stil.covermagazin.com\/wp-content\/uploads\/2021\/02\/Muske-suncane-naocale-Dolce-Gabbana-4.jpg\" alt=\"Mu\u0161ke sun\u010dane nao\u010dale Dolce &amp; Gabbana\" class=\"wp-image-38780\"\/><\/a><figcaption class=\"wp-element-caption\">Mu\u0161ke sun\u010dane nao\u010dale Dolce &amp; Gabbana<\/figcaption><\/figure>\n\n\n\n<figure class=\"wp-block-image size-large\"><a href=\"https:\/\/m-stil.covermagazin.com\/wp-content\/uploads\/2021\/02\/Muske-suncane-naocale-Dolce-Gabbana-5.jpg\"><img decoding=\"async\" data-id=\"38781\" src=\"https:\/\/m-stil.covermagazin.com\/wp-content\/uploads\/2021\/02\/Muske-suncane-naocale-Dolce-Gabbana-5.jpg\" alt=\"Mu\u0161ke sun\u010dane nao\u010dale Dolce &amp; Gabbana\" class=\"wp-image-38781\"\/><\/a><figcaption class=\"wp-element-caption\">Mu\u0161ke sun\u010dane nao\u010dale Dolce &amp; Gabbana<\/figcaption><\/figure>\n\n\n\n<figure class=\"wp-block-image size-large\"><a href=\"https:\/\/m-stil.covermagazin.com\/wp-content\/uploads\/2021\/02\/Muske-suncane-naocale-Dolce-Gabbana-6.jpg\"><img decoding=\"async\" data-id=\"38782\" src=\"https:\/\/m-stil.covermagazin.com\/wp-content\/uploads\/2021\/02\/Muske-suncane-naocale-Dolce-Gabbana-6.jpg\" alt=\"Mu\u0161ke sun\u010dane nao\u010dale Dolce &amp; Gabbana\" class=\"wp-image-38782\"\/><\/a><figcaption class=\"wp-element-caption\">Mu\u0161ke sun\u010dane nao\u010dale Dolce &amp; Gabbana<\/figcaption><\/figure>\n<\/figure>\n","protected":false},"excerpt":{"rendered":"<p>Mu\u0161ke sun\u010dane nao\u010dale Dolce &amp; Gabbana za prolje\u0107e i ljeto Kolekcija sun\u010danih nao\u010dala Dolce &amp; Gabbana za sezonu prolje\u0107e i ljeto odlikuje se bojama. Za moderan stil mo\u017eete izabrati nao\u010dale u tamno plavoj, sme\u0111oj ili tamno zelenoj boji, kao i kombinaciji boja. Ako \u017eelite pokazati osobnost, a ne \u017eelite boje, tada se fokusirajte na oblike.\u00a0 [&hellip;]<\/p>\n","protected":false},"author":3,"featured_media":0,"comment_status":"open","ping_status":"open","sticky":false,"template":"","format":"standard","meta":{"footnotes":""},"categories":[8],"tags":[159,163,126,932,854],"class_list":["post-26249","post","type-post","status-publish","format-standard","hentry","category-muska_moda","tag-dioptrijske-naocale","tag-naocale-za-vid","tag-suncane-naocale","tag-muski-portal","tag-portal-za-muskarce"],"_links":{"self":[{"href":"https:\/\/m-stil.covermagazin.com\/index.php?rest_route=\/wp\/v2\/posts\/26249","targetHints":{"allow":["GET"]}}],"collection":[{"href":"https:\/\/m-stil.covermagazin.com\/index.php?rest_route=\/wp\/v2\/posts"}],"about":[{"href":"https:\/\/m-stil.covermagazin.com\/index.php?rest_route=\/wp\/v2\/types\/post"}],"author":[{"embeddable":true,"href":"https:\/\/m-stil.covermagazin.com\/index.php?rest_route=\/wp\/v2\/users\/3"}],"replies":[{"embeddable":true,"href":"https:\/\/m-stil.covermagazin.com\/index.php?rest_route=%2Fwp%2Fv2%2Fcomments&post=26249"}],"version-history":[{"count":7,"href":"https:\/\/m-stil.covermagazin.com\/index.php?rest_route=\/wp\/v2\/posts\/26249\/revisions"}],"predecessor-version":[{"id":38783,"href":"https:\/\/m-stil.covermagazin.com\/index.php?rest_route=\/wp\/v2\/posts\/26249\/revisions\/38783"}],"wp:attachment":[{"href":"https:\/\/m-stil.covermagazin.com\/index.php?rest_route=%2Fwp%2Fv2%2Fmedia&parent=26249"}],"wp:term":[{"taxonomy":"category","embeddable":true,"href":"https:\/\/m-stil.covermagazin.com\/index.php?rest_route=%2Fwp%2Fv2%2Fcategories&post=26249"},{"taxonomy":"post_tag","embeddable":true,"href":"https:\/\/m-stil.covermagazin.com\/index.php?rest_route=%2Fwp%2Fv2%2Ftags&post=26249"}],"curies":[{"name":"wp","href":"https:\/\/api.w.org\/{rel}","templated":true}]}}