{"id":26588,"date":"2013-05-20T08:53:23","date_gmt":"2013-05-20T06:53:23","guid":{"rendered":"http:\/\/m-stil.covermagazin.com\/?p=26588"},"modified":"2020-06-04T10:14:10","modified_gmt":"2020-06-04T08:14:10","slug":"frizure-poznatih-muskaraca-za-kratku-kosu","status":"publish","type":"post","link":"https:\/\/m-stil.covermagazin.com\/?p=26588","title":{"rendered":"Frizure poznatih mu\u0161karaca za kratku kosu"},"content":{"rendered":"<p>Pro\u010ditajte i:<\/p>\n<blockquote class=\"wp-embedded-content\" data-secret=\"uZzV6qqrop\"><p><a href=\"https:\/\/m-stil.covermagazin.com\/?p=33733\">62 mu\u0161ke frizure za kratku, srednje dugu i dugu kosu<\/a><\/p><\/blockquote>\n<p><iframe loading=\"lazy\" class=\"wp-embedded-content\" sandbox=\"allow-scripts\" security=\"restricted\" style=\"position: absolute; visibility: hidden;\" title=\"&#8220;62 mu\u0161ke frizure za kratku, srednje dugu i dugu kosu&#8221; &#8212; M stil\" src=\"https:\/\/m-stil.covermagazin.com\/?p=33733&#038;embed=true#?secret=tRhAh6en7L#?secret=uZzV6qqrop\" data-secret=\"uZzV6qqrop\" width=\"500\" height=\"282\" frameborder=\"0\" marginwidth=\"0\" marginheight=\"0\" scrolling=\"no\"><\/iframe><\/p>\n<p>Inspiraciju za novo \u0161i\u0161anje ili druga\u010dije oblikovanje frizure potra\u017eite ispod na fotografijama poznatih mu\u0161karaca s kratkom frizurom:<\/p>\n<figure id=\"attachment_26589\" aria-describedby=\"caption-attachment-26589\" style=\"width: 300px\" class=\"wp-caption alignnone\"><a href=\"http:\/\/m-stil.covermagazin.com\/wp-content\/uploads\/2013\/05\/Brad-Pitt.jpg\"><img loading=\"lazy\" decoding=\"async\" class=\"size-full wp-image-26589\" src=\"http:\/\/m-stil.covermagazin.com\/wp-content\/uploads\/2013\/05\/Brad-Pitt.jpg\" alt=\"Brad Pitt\" width=\"300\" height=\"300\" \/><\/a><figcaption id=\"caption-attachment-26589\" class=\"wp-caption-text\">Brad Pitt<\/figcaption><\/figure>\n<figure id=\"attachment_26590\" aria-describedby=\"caption-attachment-26590\" style=\"width: 300px\" class=\"wp-caption alignnone\"><a href=\"http:\/\/m-stil.covermagazin.com\/wp-content\/uploads\/2013\/05\/Colin-Farrell.jpg\"><img loading=\"lazy\" decoding=\"async\" class=\"size-full wp-image-26590\" src=\"http:\/\/m-stil.covermagazin.com\/wp-content\/uploads\/2013\/05\/Colin-Farrell.jpg\" alt=\"Colin Farrell\" width=\"300\" height=\"300\" \/><\/a><figcaption id=\"caption-attachment-26590\" class=\"wp-caption-text\">Colin Farrell<\/figcaption><\/figure>\n<figure id=\"attachment_26591\" aria-describedby=\"caption-attachment-26591\" style=\"width: 300px\" class=\"wp-caption alignnone\"><a href=\"http:\/\/m-stil.covermagazin.com\/wp-content\/uploads\/2013\/05\/David-Beckham.jpg\"><img loading=\"lazy\" decoding=\"async\" class=\"size-full wp-image-26591\" src=\"http:\/\/m-stil.covermagazin.com\/wp-content\/uploads\/2013\/05\/David-Beckham.jpg\" alt=\"David Beckham\" width=\"300\" height=\"300\" \/><\/a><figcaption id=\"caption-attachment-26591\" class=\"wp-caption-text\">David Beckham<\/figcaption><\/figure>\n<figure id=\"attachment_26592\" aria-describedby=\"caption-attachment-26592\" style=\"width: 300px\" class=\"wp-caption alignnone\"><a href=\"http:\/\/m-stil.covermagazin.com\/wp-content\/uploads\/2013\/05\/George-Clooney.jpg\"><img loading=\"lazy\" decoding=\"async\" class=\"size-full wp-image-26592\" src=\"http:\/\/m-stil.covermagazin.com\/wp-content\/uploads\/2013\/05\/George-Clooney.jpg\" alt=\"George Clooney\" width=\"300\" height=\"300\" \/><\/a><figcaption id=\"caption-attachment-26592\" class=\"wp-caption-text\">George Clooney<\/figcaption><\/figure>\n<figure id=\"attachment_26593\" aria-describedby=\"caption-attachment-26593\" style=\"width: 300px\" class=\"wp-caption alignnone\"><a href=\"http:\/\/m-stil.covermagazin.com\/wp-content\/uploads\/2013\/05\/George-Eads.jpg\"><img loading=\"lazy\" decoding=\"async\" class=\"size-full wp-image-26593\" src=\"http:\/\/m-stil.covermagazin.com\/wp-content\/uploads\/2013\/05\/George-Eads.jpg\" alt=\"George Eads\" width=\"300\" height=\"300\" \/><\/a><figcaption id=\"caption-attachment-26593\" class=\"wp-caption-text\">George Eads<\/figcaption><\/figure>\n<figure id=\"attachment_26594\" aria-describedby=\"caption-attachment-26594\" style=\"width: 300px\" class=\"wp-caption alignnone\"><a href=\"http:\/\/m-stil.covermagazin.com\/wp-content\/uploads\/2013\/05\/Justin-Timberlake.jpg\"><img loading=\"lazy\" decoding=\"async\" class=\"size-full wp-image-26594\" src=\"http:\/\/m-stil.covermagazin.com\/wp-content\/uploads\/2013\/05\/Justin-Timberlake.jpg\" alt=\"Justin Timberlake\" width=\"300\" height=\"300\" \/><\/a><figcaption id=\"caption-attachment-26594\" class=\"wp-caption-text\">Justin Timberlake<\/figcaption><\/figure>\n<figure id=\"attachment_26595\" aria-describedby=\"caption-attachment-26595\" style=\"width: 300px\" class=\"wp-caption alignnone\"><a href=\"http:\/\/m-stil.covermagazin.com\/wp-content\/uploads\/2013\/05\/Patrick-Dempsey.jpg\"><img loading=\"lazy\" decoding=\"async\" class=\"size-full wp-image-26595\" src=\"http:\/\/m-stil.covermagazin.com\/wp-content\/uploads\/2013\/05\/Patrick-Dempsey.jpg\" alt=\"Patrick Dempsey\" width=\"300\" height=\"300\" \/><\/a><figcaption id=\"caption-attachment-26595\" class=\"wp-caption-text\">Patrick Dempsey<\/figcaption><\/figure>\n<figure id=\"attachment_26596\" aria-describedby=\"caption-attachment-26596\" style=\"width: 300px\" class=\"wp-caption alignnone\"><a href=\"http:\/\/m-stil.covermagazin.com\/wp-content\/uploads\/2013\/05\/Tom-Cruise.jpg\"><img loading=\"lazy\" decoding=\"async\" class=\"size-full wp-image-26596\" src=\"http:\/\/m-stil.covermagazin.com\/wp-content\/uploads\/2013\/05\/Tom-Cruise.jpg\" alt=\"Tom Cruise\" width=\"300\" height=\"300\" \/><\/a><figcaption id=\"caption-attachment-26596\" class=\"wp-caption-text\">Tom Cruise<\/figcaption><\/figure>\n","protected":false},"excerpt":{"rendered":"<p>Inspiraciju za novo \u0161i\u0161anje ili druga\u010dije oblikovanje frizure potra\u017eite ispod na fotografijama poznatih mu\u0161karaca s kratkom frizurom:<\/p>\n","protected":false},"author":3,"featured_media":0,"comment_status":"open","ping_status":"open","sticky":false,"template":"","format":"standard","meta":{"footnotes":""},"categories":[8],"tags":[103,857],"class_list":["post-26588","post","type-post","status-publish","format-standard","hentry","category-muska_moda","tag-kratka-kosa","tag-kratke-muske-frizure"],"_links":{"self":[{"href":"https:\/\/m-stil.covermagazin.com\/index.php?rest_route=\/wp\/v2\/posts\/26588","targetHints":{"allow":["GET"]}}],"collection":[{"href":"https:\/\/m-stil.covermagazin.com\/index.php?rest_route=\/wp\/v2\/posts"}],"about":[{"href":"https:\/\/m-stil.covermagazin.com\/index.php?rest_route=\/wp\/v2\/types\/post"}],"author":[{"embeddable":true,"href":"https:\/\/m-stil.covermagazin.com\/index.php?rest_route=\/wp\/v2\/users\/3"}],"replies":[{"embeddable":true,"href":"https:\/\/m-stil.covermagazin.com\/index.php?rest_route=%2Fwp%2Fv2%2Fcomments&post=26588"}],"version-history":[{"count":5,"href":"https:\/\/m-stil.covermagazin.com\/index.php?rest_route=\/wp\/v2\/posts\/26588\/revisions"}],"predecessor-version":[{"id":34357,"href":"https:\/\/m-stil.covermagazin.com\/index.php?rest_route=\/wp\/v2\/posts\/26588\/revisions\/34357"}],"wp:attachment":[{"href":"https:\/\/m-stil.covermagazin.com\/index.php?rest_route=%2Fwp%2Fv2%2Fmedia&parent=26588"}],"wp:term":[{"taxonomy":"category","embeddable":true,"href":"https:\/\/m-stil.covermagazin.com\/index.php?rest_route=%2Fwp%2Fv2%2Fcategories&post=26588"},{"taxonomy":"post_tag","embeddable":true,"href":"https:\/\/m-stil.covermagazin.com\/index.php?rest_route=%2Fwp%2Fv2%2Ftags&post=26588"}],"curies":[{"name":"wp","href":"https:\/\/api.w.org\/{rel}","templated":true}]}}