{"id":26972,"date":"2020-05-27T12:39:59","date_gmt":"2020-05-27T10:39:59","guid":{"rendered":"http:\/\/m-stil.covermagazin.com\/?p=26972"},"modified":"2020-06-20T18:59:37","modified_gmt":"2020-06-20T16:59:37","slug":"moderne-frizure-za-muskarce-sa-sijedom-kosom","status":"publish","type":"post","link":"https:\/\/m-stil.covermagazin.com\/?p=26972","title":{"rendered":"Moderne frizure za mu\u0161karce sa sijedom kosom"},"content":{"rendered":"<figure id=\"attachment_33338\" aria-describedby=\"caption-attachment-33338\" style=\"width: 600px\" class=\"wp-caption alignnone\"><a href=\"https:\/\/m-stil.covermagazin.com\/wp-content\/uploads\/2015\/07\/Moderne-frizure-za-mu\u0161karce-sa-sijedom-kosom.jpg\"><img loading=\"lazy\" decoding=\"async\" class=\"size-full wp-image-33338\" src=\"https:\/\/m-stil.covermagazin.com\/wp-content\/uploads\/2015\/07\/Moderne-frizure-za-mu\u0161karce-sa-sijedom-kosom.jpg\" alt=\"\" width=\"600\" height=\"400\" \/><\/a><figcaption id=\"caption-attachment-33338\" class=\"wp-caption-text\">Matt LeBlanc<\/figcaption><\/figure>\n<h3>Moderne frizure za mu\u0161karce sa sijedom kosom<\/h3>\n<p>Umjesto da poku\u0161avate prekriti sijede, potra\u017eite frizuru koja \u0107e vam najbolje odgovarati. Ispod su primjeri frizura slavnih mu\u0161karaca sa sijedom kosom:<\/p>\n<figure id=\"attachment_33339\" aria-describedby=\"caption-attachment-33339\" style=\"width: 600px\" class=\"wp-caption alignnone\"><a href=\"https:\/\/m-stil.covermagazin.com\/wp-content\/uploads\/2015\/07\/Moderne-frizure-za-mu\u0161karce-sa-sijedom-kosom-1.jpg\"><img loading=\"lazy\" decoding=\"async\" class=\"size-full wp-image-33339\" src=\"https:\/\/m-stil.covermagazin.com\/wp-content\/uploads\/2015\/07\/Moderne-frizure-za-mu\u0161karce-sa-sijedom-kosom-1.jpg\" alt=\"\" width=\"600\" height=\"582\" \/><\/a><figcaption id=\"caption-attachment-33339\" class=\"wp-caption-text\">George Clooney<\/figcaption><\/figure>\n<figure id=\"attachment_33340\" aria-describedby=\"caption-attachment-33340\" style=\"width: 600px\" class=\"wp-caption alignnone\"><a href=\"https:\/\/m-stil.covermagazin.com\/wp-content\/uploads\/2015\/07\/Moderne-frizure-za-mu\u0161karce-sa-sijedom-kosom-2.jpg\"><img loading=\"lazy\" decoding=\"async\" class=\"size-full wp-image-33340\" src=\"https:\/\/m-stil.covermagazin.com\/wp-content\/uploads\/2015\/07\/Moderne-frizure-za-mu\u0161karce-sa-sijedom-kosom-2.jpg\" alt=\"\" width=\"600\" height=\"333\" \/><\/a><figcaption id=\"caption-attachment-33340\" class=\"wp-caption-text\">Antonio Banderas<\/figcaption><\/figure>\n<figure id=\"attachment_33341\" aria-describedby=\"caption-attachment-33341\" style=\"width: 600px\" class=\"wp-caption alignnone\"><a href=\"https:\/\/m-stil.covermagazin.com\/wp-content\/uploads\/2015\/07\/Moderne-frizure-za-mu\u0161karce-sa-sijedom-kosom-3.jpg\"><img loading=\"lazy\" decoding=\"async\" class=\"size-full wp-image-33341\" src=\"https:\/\/m-stil.covermagazin.com\/wp-content\/uploads\/2015\/07\/Moderne-frizure-za-mu\u0161karce-sa-sijedom-kosom-3.jpg\" alt=\"\" width=\"600\" height=\"325\" \/><\/a><figcaption id=\"caption-attachment-33341\" class=\"wp-caption-text\">Patrick Dempsey<\/figcaption><\/figure>\n<figure id=\"attachment_33343\" aria-describedby=\"caption-attachment-33343\" style=\"width: 600px\" class=\"wp-caption alignnone\"><a href=\"https:\/\/m-stil.covermagazin.com\/wp-content\/uploads\/2015\/07\/Moderne-frizure-za-mu\u0161karce-sa-sijedom-kosom-4.jpg\"><img loading=\"lazy\" decoding=\"async\" class=\"size-full wp-image-33343\" src=\"https:\/\/m-stil.covermagazin.com\/wp-content\/uploads\/2015\/07\/Moderne-frizure-za-mu\u0161karce-sa-sijedom-kosom-4.jpg\" alt=\"\" width=\"600\" height=\"434\" \/><\/a><figcaption id=\"caption-attachment-33343\" class=\"wp-caption-text\">Ryan Reynolds<\/figcaption><\/figure>\n<figure id=\"attachment_33344\" aria-describedby=\"caption-attachment-33344\" style=\"width: 600px\" class=\"wp-caption alignnone\"><a href=\"https:\/\/m-stil.covermagazin.com\/wp-content\/uploads\/2015\/07\/Moderne-frizure-za-mu\u0161karce-sa-sijedom-kosom-5.jpg\"><img loading=\"lazy\" decoding=\"async\" class=\"size-full wp-image-33344\" src=\"https:\/\/m-stil.covermagazin.com\/wp-content\/uploads\/2015\/07\/Moderne-frizure-za-mu\u0161karce-sa-sijedom-kosom-5.jpg\" alt=\"\" width=\"600\" height=\"416\" \/><\/a><figcaption id=\"caption-attachment-33344\" class=\"wp-caption-text\">Eric Dane<\/figcaption><\/figure>\n<p>Pro\u010ditajte i:<\/p>\n<blockquote class=\"wp-embedded-content\" data-secret=\"Pj6htMsRTz\"><p><a href=\"https:\/\/m-stil.covermagazin.com\/?p=33733\">62 mu\u0161ke frizure za kratku, srednje dugu i dugu kosu<\/a><\/p><\/blockquote>\n<p><iframe loading=\"lazy\" class=\"wp-embedded-content\" sandbox=\"allow-scripts\" security=\"restricted\" style=\"position: absolute; visibility: hidden;\" title=\"&#8220;62 mu\u0161ke frizure za kratku, srednje dugu i dugu kosu&#8221; &#8212; M stil\" src=\"https:\/\/m-stil.covermagazin.com\/?p=33733&#038;embed=true#?secret=fUs04QXu1G#?secret=Pj6htMsRTz\" data-secret=\"Pj6htMsRTz\" width=\"500\" height=\"282\" frameborder=\"0\" marginwidth=\"0\" marginheight=\"0\" scrolling=\"no\"><\/iframe><\/p>\n<p>&nbsp;<\/p>\n","protected":false},"excerpt":{"rendered":"<p>Umjesto da poku\u0161avate prekriti sijede, potra\u017eite frizuru koja \u0107e vam najbolje odgovarati&#8230;<\/p>\n","protected":false},"author":3,"featured_media":0,"comment_status":"open","ping_status":"open","sticky":false,"template":"","format":"standard","meta":{"footnotes":""},"categories":[5,8],"tags":[103,857,102],"class_list":["post-26972","post","type-post","status-publish","format-standard","hentry","category-featured","category-muska_moda","tag-kratka-kosa","tag-kratke-muske-frizure","tag-muske-frizure"],"_links":{"self":[{"href":"https:\/\/m-stil.covermagazin.com\/index.php?rest_route=\/wp\/v2\/posts\/26972","targetHints":{"allow":["GET"]}}],"collection":[{"href":"https:\/\/m-stil.covermagazin.com\/index.php?rest_route=\/wp\/v2\/posts"}],"about":[{"href":"https:\/\/m-stil.covermagazin.com\/index.php?rest_route=\/wp\/v2\/types\/post"}],"author":[{"embeddable":true,"href":"https:\/\/m-stil.covermagazin.com\/index.php?rest_route=\/wp\/v2\/users\/3"}],"replies":[{"embeddable":true,"href":"https:\/\/m-stil.covermagazin.com\/index.php?rest_route=%2Fwp%2Fv2%2Fcomments&post=26972"}],"version-history":[{"count":11,"href":"https:\/\/m-stil.covermagazin.com\/index.php?rest_route=\/wp\/v2\/posts\/26972\/revisions"}],"predecessor-version":[{"id":33789,"href":"https:\/\/m-stil.covermagazin.com\/index.php?rest_route=\/wp\/v2\/posts\/26972\/revisions\/33789"}],"wp:attachment":[{"href":"https:\/\/m-stil.covermagazin.com\/index.php?rest_route=%2Fwp%2Fv2%2Fmedia&parent=26972"}],"wp:term":[{"taxonomy":"category","embeddable":true,"href":"https:\/\/m-stil.covermagazin.com\/index.php?rest_route=%2Fwp%2Fv2%2Fcategories&post=26972"},{"taxonomy":"post_tag","embeddable":true,"href":"https:\/\/m-stil.covermagazin.com\/index.php?rest_route=%2Fwp%2Fv2%2Ftags&post=26972"}],"curies":[{"name":"wp","href":"https:\/\/api.w.org\/{rel}","templated":true}]}}