{"id":2744,"date":"2009-08-27T09:02:07","date_gmt":"2009-08-27T07:02:07","guid":{"rendered":"http:\/\/m-stil.covermagazin.com\/?p=2744"},"modified":"2009-09-01T08:50:05","modified_gmt":"2009-09-01T06:50:05","slug":"cerruti-muska-odjela","status":"publish","type":"post","link":"https:\/\/m-stil.covermagazin.com\/?p=2744","title":{"rendered":"Cerruti mu\u0161ka odjela"},"content":{"rendered":"<p>Cerruti mu\u0161ka odjela i jakne za prolje\u0107e i ljeto 2009. su uglavnom u svijetlim boja. Naj\u010de\u0161\u0107e se pojavljuje be\u017e boja, uz poneki crni ili tamno sme\u0111i dio odijela.<\/p>\n<p>Iz Cerruti kolekcije za prolje\u0107e i ljeto 2009. izdvajamo:<\/p>\n<p><a href=\"http:\/\/m-stil.covermagazin.com\/wp-content\/uploads\/2009\/04\/cerruti-muska-odjela-i-odjeca-1.jpg\"><img loading=\"lazy\" decoding=\"async\" class=\"size-full wp-image-2746 alignleft\" title=\"cerruti-muska-odjela-i-odjeca-1\" src=\"http:\/\/m-stil.covermagazin.com\/wp-content\/uploads\/2009\/04\/cerruti-muska-odjela-i-odjeca-1.jpg\" alt=\"cerruti-muska-odjela-i-odjeca-1\" width=\"175\" height=\"300\" \/><\/a><a href=\"http:\/\/m-stil.covermagazin.com\/wp-content\/uploads\/2009\/04\/cerruti-muska-odjela-i-odjeca-7.jpg\"><img loading=\"lazy\" decoding=\"async\" class=\"alignleft size-full wp-image-2747\" title=\"cerruti-muska-odjela-i-odjeca-7\" src=\"http:\/\/m-stil.covermagazin.com\/wp-content\/uploads\/2009\/04\/cerruti-muska-odjela-i-odjeca-7.jpg\" alt=\"cerruti-muska-odjela-i-odjeca-7\" width=\"175\" height=\"300\" \/><\/a><a href=\"http:\/\/m-stil.covermagazin.com\/wp-content\/uploads\/2009\/04\/cerruti-muska-odjela-i-odjeca-6.jpg\"><img loading=\"lazy\" decoding=\"async\" class=\"alignleft size-full wp-image-2748\" title=\"cerruti-muska-odjela-i-odjeca-6\" src=\"http:\/\/m-stil.covermagazin.com\/wp-content\/uploads\/2009\/04\/cerruti-muska-odjela-i-odjeca-6.jpg\" alt=\"cerruti-muska-odjela-i-odjeca-6\" width=\"175\" height=\"300\" \/><\/a><a href=\"http:\/\/m-stil.covermagazin.com\/wp-content\/uploads\/2009\/04\/cerruti-muska-odjela-i-odjeca-5.jpg\"><img loading=\"lazy\" decoding=\"async\" class=\"alignleft size-full wp-image-2749\" title=\"cerruti-muska-odjela-i-odjeca-5\" src=\"http:\/\/m-stil.covermagazin.com\/wp-content\/uploads\/2009\/04\/cerruti-muska-odjela-i-odjeca-5.jpg\" alt=\"cerruti-muska-odjela-i-odjeca-5\" width=\"175\" height=\"300\" \/><\/a><a href=\"http:\/\/m-stil.covermagazin.com\/wp-content\/uploads\/2009\/04\/cerruti-muska-odjela-i-odjeca-41.jpg\"><img loading=\"lazy\" decoding=\"async\" class=\"alignleft size-full wp-image-2751\" title=\"cerruti-muska-odjela-i-odjeca-41\" src=\"http:\/\/m-stil.covermagazin.com\/wp-content\/uploads\/2009\/04\/cerruti-muska-odjela-i-odjeca-41.jpg\" alt=\"cerruti-muska-odjela-i-odjeca-41\" width=\"175\" height=\"300\" \/><\/a><a href=\"http:\/\/m-stil.covermagazin.com\/wp-content\/uploads\/2009\/04\/cerruti-muska-odjela-i-odjeca-3.jpg\"><img loading=\"lazy\" decoding=\"async\" class=\"alignleft size-full wp-image-2752\" title=\"cerruti-muska-odjela-i-odjeca-3\" src=\"http:\/\/m-stil.covermagazin.com\/wp-content\/uploads\/2009\/04\/cerruti-muska-odjela-i-odjeca-3.jpg\" alt=\"cerruti-muska-odjela-i-odjeca-3\" width=\"175\" height=\"300\" \/><\/a><\/p>\n","protected":false},"excerpt":{"rendered":"<p>Cerruti mu\u0161ka odjela i jakne za prolje\u0107e i ljeto 2009. su uglavnom u svijetlim boja. Naj\u010de\u0161\u0107e se pojavljuje be\u017e boja, uz poneki crni ili tamno sme\u0111i dio odijela. Iz Cerruti kolekcije za prolje\u0107e i ljeto 2009. izdvajamo:<\/p>\n","protected":false},"author":3,"featured_media":0,"comment_status":"open","ping_status":"open","sticky":false,"template":"","format":"standard","meta":{"footnotes":""},"categories":[8],"tags":[95,46],"class_list":["post-2744","post","type-post","status-publish","format-standard","hentry","category-muska_moda","tag-muske-jakne","tag-muska-moda"],"_links":{"self":[{"href":"https:\/\/m-stil.covermagazin.com\/index.php?rest_route=\/wp\/v2\/posts\/2744","targetHints":{"allow":["GET"]}}],"collection":[{"href":"https:\/\/m-stil.covermagazin.com\/index.php?rest_route=\/wp\/v2\/posts"}],"about":[{"href":"https:\/\/m-stil.covermagazin.com\/index.php?rest_route=\/wp\/v2\/types\/post"}],"author":[{"embeddable":true,"href":"https:\/\/m-stil.covermagazin.com\/index.php?rest_route=\/wp\/v2\/users\/3"}],"replies":[{"embeddable":true,"href":"https:\/\/m-stil.covermagazin.com\/index.php?rest_route=%2Fwp%2Fv2%2Fcomments&post=2744"}],"version-history":[{"count":3,"href":"https:\/\/m-stil.covermagazin.com\/index.php?rest_route=\/wp\/v2\/posts\/2744\/revisions"}],"predecessor-version":[{"id":6637,"href":"https:\/\/m-stil.covermagazin.com\/index.php?rest_route=\/wp\/v2\/posts\/2744\/revisions\/6637"}],"wp:attachment":[{"href":"https:\/\/m-stil.covermagazin.com\/index.php?rest_route=%2Fwp%2Fv2%2Fmedia&parent=2744"}],"wp:term":[{"taxonomy":"category","embeddable":true,"href":"https:\/\/m-stil.covermagazin.com\/index.php?rest_route=%2Fwp%2Fv2%2Fcategories&post=2744"},{"taxonomy":"post_tag","embeddable":true,"href":"https:\/\/m-stil.covermagazin.com\/index.php?rest_route=%2Fwp%2Fv2%2Ftags&post=2744"}],"curies":[{"name":"wp","href":"https:\/\/api.w.org\/{rel}","templated":true}]}}