{"id":27642,"date":"2020-09-28T08:29:44","date_gmt":"2020-09-28T06:29:44","guid":{"rendered":"http:\/\/m-stil.covermagazin.com\/?p=27642"},"modified":"2024-10-10T19:42:35","modified_gmt":"2024-10-10T17:42:35","slug":"tvid-u-muskoj-modi-kako-ga-kombinirati","status":"publish","type":"post","link":"https:\/\/m-stil.covermagazin.com\/?p=27642","title":{"rendered":"Tvid u mu\u0161koj modi \u2013 kako ga kombinirati?"},"content":{"rendered":"<p><a href=\"https:\/\/m-stil.covermagazin.com\/wp-content\/uploads\/2020\/09\/tvid-u-muskoj-modi.jpg\"><img loading=\"lazy\" decoding=\"async\" class=\"alignnone size-full wp-image-34999\" src=\"https:\/\/m-stil.covermagazin.com\/wp-content\/uploads\/2020\/09\/tvid-u-muskoj-modi.jpg\" alt=\"\" width=\"600\" height=\"400\" \/><\/a><\/p>\n<h3>Tvid u mu\u0161koj modi \u2013 kako ga kombinirati?<\/h3>\n<p>Sakoi od tvida su ve\u0107 dugo vremena popularni, a posebno su zanimljivi po hladnijem vremenu. Ukoliko niste skloni eksperimentiranju odlu\u010dite se za neutralne boje i uzorke, a kombinirajte sako od tvida s tamnim trapericama ili nekim drugim hla\u010dama tamnije boje.<\/p>\n<p>Osim sakoa ove sezone su popularne i hla\u010de, odnosno cijela odijela od tvida, ali i kaputi i jakne od tvida.<\/p>\n<p><a href=\"https:\/\/m-stil.covermagazin.com\/wp-content\/uploads\/2018\/07\/Tvid-u-muskoj-modi-\u2013-kako-ga-kombinirati-1.jpg\"><img loading=\"lazy\" decoding=\"async\" class=\"alignleft size-full wp-image-32065\" src=\"https:\/\/m-stil.covermagazin.com\/wp-content\/uploads\/2018\/07\/Tvid-u-muskoj-modi-\u2013-kako-ga-kombinirati-1.jpg\" alt=\"\" width=\"456\" height=\"570\" \/><\/a> <a href=\"https:\/\/m-stil.covermagazin.com\/wp-content\/uploads\/2018\/07\/Tvid-u-muskoj-modi-\u2013-kako-ga-kombinirati-2.jpg\"><img loading=\"lazy\" decoding=\"async\" class=\"alignleft size-full wp-image-32066\" src=\"https:\/\/m-stil.covermagazin.com\/wp-content\/uploads\/2018\/07\/Tvid-u-muskoj-modi-\u2013-kako-ga-kombinirati-2.jpg\" alt=\"\" width=\"456\" height=\"570\" \/><\/a> <a href=\"https:\/\/m-stil.covermagazin.com\/wp-content\/uploads\/2018\/07\/Tvid-u-muskoj-modi-\u2013-kako-ga-kombinirati-3.jpg\"><img loading=\"lazy\" decoding=\"async\" class=\"alignleft size-full wp-image-32067\" src=\"https:\/\/m-stil.covermagazin.com\/wp-content\/uploads\/2018\/07\/Tvid-u-muskoj-modi-\u2013-kako-ga-kombinirati-3.jpg\" alt=\"\" width=\"456\" height=\"570\" \/><\/a><\/p>\n<p>&nbsp;<\/p>\n<p>&nbsp;<\/p>\n","protected":false},"excerpt":{"rendered":"<p>Tvid u mu\u0161koj modi \u2013 kako ga kombinirati? Sakoi od tvida su ve\u0107 dugo vremena popularni, a posebno su zanimljivi po hladnijem vremenu. Ukoliko niste skloni eksperimentiranju odlu\u010dite se za neutralne boje i uzorke, a kombinirajte sako od tvida s tamnim trapericama ili nekim drugim hla\u010dama tamnije boje. Osim sakoa ove sezone su popularne i [&hellip;]<\/p>\n","protected":false},"author":3,"featured_media":0,"comment_status":"open","ping_status":"open","sticky":false,"template":"","format":"standard","meta":{"footnotes":""},"categories":[942,8],"tags":[194,607],"class_list":["post-27642","post","type-post","status-publish","format-standard","hentry","category-m-stil-2018","category-muska_moda","tag-muski-sako","tag-poslovna-moda"],"_links":{"self":[{"href":"https:\/\/m-stil.covermagazin.com\/index.php?rest_route=\/wp\/v2\/posts\/27642","targetHints":{"allow":["GET"]}}],"collection":[{"href":"https:\/\/m-stil.covermagazin.com\/index.php?rest_route=\/wp\/v2\/posts"}],"about":[{"href":"https:\/\/m-stil.covermagazin.com\/index.php?rest_route=\/wp\/v2\/types\/post"}],"author":[{"embeddable":true,"href":"https:\/\/m-stil.covermagazin.com\/index.php?rest_route=\/wp\/v2\/users\/3"}],"replies":[{"embeddable":true,"href":"https:\/\/m-stil.covermagazin.com\/index.php?rest_route=%2Fwp%2Fv2%2Fcomments&post=27642"}],"version-history":[{"count":10,"href":"https:\/\/m-stil.covermagazin.com\/index.php?rest_route=\/wp\/v2\/posts\/27642\/revisions"}],"predecessor-version":[{"id":35000,"href":"https:\/\/m-stil.covermagazin.com\/index.php?rest_route=\/wp\/v2\/posts\/27642\/revisions\/35000"}],"wp:attachment":[{"href":"https:\/\/m-stil.covermagazin.com\/index.php?rest_route=%2Fwp%2Fv2%2Fmedia&parent=27642"}],"wp:term":[{"taxonomy":"category","embeddable":true,"href":"https:\/\/m-stil.covermagazin.com\/index.php?rest_route=%2Fwp%2Fv2%2Fcategories&post=27642"},{"taxonomy":"post_tag","embeddable":true,"href":"https:\/\/m-stil.covermagazin.com\/index.php?rest_route=%2Fwp%2Fv2%2Ftags&post=27642"}],"curies":[{"name":"wp","href":"https:\/\/api.w.org\/{rel}","templated":true}]}}