{"id":2852,"date":"2020-05-19T08:25:13","date_gmt":"2020-05-19T06:25:13","guid":{"rendered":"http:\/\/m-stil.covermagazin.com\/?p=2852"},"modified":"2024-10-10T19:23:28","modified_gmt":"2024-10-10T17:23:28","slug":"klasicna-i-poslovna-boja-kravate-bordo","status":"publish","type":"post","link":"https:\/\/m-stil.covermagazin.com\/?p=2852","title":{"rendered":"Klasi\u010dna i poslovna boja kravate \u2013 bordo"},"content":{"rendered":"<h3><a href=\"http:\/\/m-stil.covermagazin.com\/wp-content\/uploads\/2009\/04\/kravata_1.jpg\"><img loading=\"lazy\" decoding=\"async\" class=\"alignnone size-full wp-image-30718\" src=\"http:\/\/m-stil.covermagazin.com\/wp-content\/uploads\/2009\/04\/kravata_1.jpg\" alt=\"\" width=\"600\" height=\"400\" \/><\/a><\/h3>\n<h3>Klasi\u010dna i poslovna boja kravate \u2013 bordo<\/h3>\n<p>Bordo kravate su klasi\u010dne poslovne kravate. Bordo kravate su vrlo elegantne i uz to djeluju vrlo profesionalno. Bordo boja kravate, pogotovo jednobojne bordo kravate vrlo \u010desto biraju politi\u010dari jer one ostavljaju dojam odlu\u010dnosti, stabilnosti i \u010dvrsto\u0107e.<\/p>\n<p>Ovisno o nijansi, ali i materijalu kravate one mogu biti i za formalne i neformalne prilike.<\/p>\n<p><a href=\"http:\/\/m-stil.covermagazin.com\/wp-content\/uploads\/2009\/04\/klasicna-i-poslovna-boja-kravate-bordo-1.jpg\"><img loading=\"lazy\" decoding=\"async\" class=\"alignleft size-full wp-image-2853\" title=\"klasicna-i-poslovna-boja-kravate-bordo-1\" src=\"http:\/\/m-stil.covermagazin.com\/wp-content\/uploads\/2009\/04\/klasicna-i-poslovna-boja-kravate-bordo-1.jpg\" alt=\"klasicna-i-poslovna-boja-kravate-bordo-1\" width=\"160\" height=\"180\" \/><\/a><a href=\"http:\/\/m-stil.covermagazin.com\/wp-content\/uploads\/2009\/04\/klasicna-i-poslovna-boja-kravate-bordo-2.jpg\"><img loading=\"lazy\" decoding=\"async\" class=\"alignleft size-full wp-image-2854\" title=\"klasicna-i-poslovna-boja-kravate-bordo-2\" src=\"http:\/\/m-stil.covermagazin.com\/wp-content\/uploads\/2009\/04\/klasicna-i-poslovna-boja-kravate-bordo-2.jpg\" alt=\"klasicna-i-poslovna-boja-kravate-bordo-2\" width=\"160\" height=\"180\" \/><\/a><a href=\"http:\/\/m-stil.covermagazin.com\/wp-content\/uploads\/2009\/04\/klasicna-i-poslovna-boja-kravate-bordo-3.jpg\"><img loading=\"lazy\" decoding=\"async\" class=\"alignleft size-full wp-image-2855\" title=\"klasicna-i-poslovna-boja-kravate-bordo-3\" src=\"http:\/\/m-stil.covermagazin.com\/wp-content\/uploads\/2009\/04\/klasicna-i-poslovna-boja-kravate-bordo-3.jpg\" alt=\"klasicna-i-poslovna-boja-kravate-bordo-3\" width=\"160\" height=\"180\" \/><\/a><\/p>\n","protected":false},"excerpt":{"rendered":"<p>Klasi\u010dna i poslovna boja kravate \u2013 bordo Bordo kravate su klasi\u010dne poslovne kravate. Bordo kravate su vrlo elegantne i uz to djeluju vrlo profesionalno. Bordo boja kravate, pogotovo jednobojne bordo kravate vrlo \u010desto biraju politi\u010dari jer one ostavljaju dojam odlu\u010dnosti, stabilnosti i \u010dvrsto\u0107e. Ovisno o nijansi, ali i materijalu kravate one mogu biti i za [&hellip;]<\/p>\n","protected":false},"author":3,"featured_media":0,"comment_status":"open","ping_status":"open","sticky":false,"template":"","format":"standard","meta":{"footnotes":""},"categories":[942,8],"tags":[221,116,807,46,932,854],"class_list":["post-2852","post","type-post","status-publish","format-standard","hentry","category-m-stil-2018","category-muska_moda","tag-boje-kravate","tag-kravata","tag-modna-pravila-za-muskarce","tag-muska-moda","tag-muski-portal","tag-portal-za-muskarce"],"_links":{"self":[{"href":"https:\/\/m-stil.covermagazin.com\/index.php?rest_route=\/wp\/v2\/posts\/2852","targetHints":{"allow":["GET"]}}],"collection":[{"href":"https:\/\/m-stil.covermagazin.com\/index.php?rest_route=\/wp\/v2\/posts"}],"about":[{"href":"https:\/\/m-stil.covermagazin.com\/index.php?rest_route=\/wp\/v2\/types\/post"}],"author":[{"embeddable":true,"href":"https:\/\/m-stil.covermagazin.com\/index.php?rest_route=\/wp\/v2\/users\/3"}],"replies":[{"embeddable":true,"href":"https:\/\/m-stil.covermagazin.com\/index.php?rest_route=%2Fwp%2Fv2%2Fcomments&post=2852"}],"version-history":[{"count":6,"href":"https:\/\/m-stil.covermagazin.com\/index.php?rest_route=\/wp\/v2\/posts\/2852\/revisions"}],"predecessor-version":[{"id":30719,"href":"https:\/\/m-stil.covermagazin.com\/index.php?rest_route=\/wp\/v2\/posts\/2852\/revisions\/30719"}],"wp:attachment":[{"href":"https:\/\/m-stil.covermagazin.com\/index.php?rest_route=%2Fwp%2Fv2%2Fmedia&parent=2852"}],"wp:term":[{"taxonomy":"category","embeddable":true,"href":"https:\/\/m-stil.covermagazin.com\/index.php?rest_route=%2Fwp%2Fv2%2Fcategories&post=2852"},{"taxonomy":"post_tag","embeddable":true,"href":"https:\/\/m-stil.covermagazin.com\/index.php?rest_route=%2Fwp%2Fv2%2Ftags&post=2852"}],"curies":[{"name":"wp","href":"https:\/\/api.w.org\/{rel}","templated":true}]}}