{"id":2874,"date":"2009-04-28T12:48:12","date_gmt":"2009-04-28T10:48:12","guid":{"rendered":"http:\/\/m-stil.covermagazin.com\/?p=2874"},"modified":"2020-11-22T12:05:42","modified_gmt":"2020-11-22T10:05:42","slug":"dsquared2-kolekcija-za-proljece-ljeto-2009","status":"publish","type":"post","link":"https:\/\/m-stil.covermagazin.com\/?p=2874","title":{"rendered":"DSquared2 kolekcija za prolje\u0107e ljeto"},"content":{"rendered":"<p>DSquared2 je uvijek druga\u010diji, originala i inspirativan. Za mu\u0161karce sa stilom koji \u017eele biti druga\u010diji i svoji u isto vrijeme.<br \/>\nDSquared2 je za ovu sezonu predstavio elegantna mu\u0161ka odjela, prakti\u010dne jakne te mnogo modnih detalja.<\/p>\n<p><a href=\"http:\/\/m-stil.covermagazin.com\/wp-content\/uploads\/2009\/04\/dsquared2-kolekcija-proljece-ljeto-2009.jpg\"><img loading=\"lazy\" decoding=\"async\" class=\"alignleft size-full wp-image-2875\" title=\"dsquared2-kolekcija-proljece-ljeto-2009\" src=\"http:\/\/m-stil.covermagazin.com\/wp-content\/uploads\/2009\/04\/dsquared2-kolekcija-proljece-ljeto-2009.jpg\" alt=\"dsquared2-kolekcija-proljece-ljeto-2009\" width=\"175\" height=\"300\" \/><\/a><a href=\"http:\/\/m-stil.covermagazin.com\/wp-content\/uploads\/2009\/04\/dsquared2-kolekcija-proljece-ljeto-2009-1.jpg\"><img loading=\"lazy\" decoding=\"async\" class=\"alignleft size-full wp-image-2876\" title=\"dsquared2-kolekcija-proljece-ljeto-2009-1\" src=\"http:\/\/m-stil.covermagazin.com\/wp-content\/uploads\/2009\/04\/dsquared2-kolekcija-proljece-ljeto-2009-1.jpg\" alt=\"dsquared2-kolekcija-proljece-ljeto-2009-1\" width=\"175\" height=\"300\" \/><\/a><a href=\"http:\/\/m-stil.covermagazin.com\/wp-content\/uploads\/2009\/04\/dsquared2-kolekcija-proljece-ljeto-2009-2.jpg\"><img loading=\"lazy\" decoding=\"async\" class=\"alignleft size-full wp-image-2877\" title=\"dsquared2-kolekcija-proljece-ljeto-2009-2\" src=\"http:\/\/m-stil.covermagazin.com\/wp-content\/uploads\/2009\/04\/dsquared2-kolekcija-proljece-ljeto-2009-2.jpg\" alt=\"dsquared2-kolekcija-proljece-ljeto-2009-2\" width=\"175\" height=\"300\" \/><\/a><a href=\"http:\/\/m-stil.covermagazin.com\/wp-content\/uploads\/2009\/04\/dsquared2-kolekcija-proljece-ljeto-2009-3.jpg\"><img loading=\"lazy\" decoding=\"async\" class=\"alignleft size-full wp-image-2878\" title=\"dsquared2-kolekcija-proljece-ljeto-2009-3\" src=\"http:\/\/m-stil.covermagazin.com\/wp-content\/uploads\/2009\/04\/dsquared2-kolekcija-proljece-ljeto-2009-3.jpg\" alt=\"dsquared2-kolekcija-proljece-ljeto-2009-3\" width=\"175\" height=\"300\" \/><\/a><a href=\"http:\/\/m-stil.covermagazin.com\/wp-content\/uploads\/2009\/04\/dsquared2-kolekcija-proljece-ljeto-2009-4.jpg\"><img loading=\"lazy\" decoding=\"async\" class=\"alignleft size-full wp-image-2879\" title=\"dsquared2-kolekcija-proljece-ljeto-2009-4\" src=\"http:\/\/m-stil.covermagazin.com\/wp-content\/uploads\/2009\/04\/dsquared2-kolekcija-proljece-ljeto-2009-4.jpg\" alt=\"dsquared2-kolekcija-proljece-ljeto-2009-4\" width=\"175\" height=\"300\" \/><\/a><a href=\"http:\/\/m-stil.covermagazin.com\/wp-content\/uploads\/2009\/04\/dsquared2-kolekcija-proljece-ljeto-2009-5.jpg\"><img loading=\"lazy\" decoding=\"async\" class=\"alignleft size-full wp-image-2880\" title=\"dsquared2-kolekcija-proljece-ljeto-2009-5\" src=\"http:\/\/m-stil.covermagazin.com\/wp-content\/uploads\/2009\/04\/dsquared2-kolekcija-proljece-ljeto-2009-5.jpg\" alt=\"dsquared2-kolekcija-proljece-ljeto-2009-5\" width=\"175\" height=\"300\" \/><\/a><\/p>\n","protected":false},"excerpt":{"rendered":"<p>DSquared2 je uvijek druga\u010diji, originala i inspirativan. Za mu\u0161karce sa stilom koji \u017eele biti druga\u010diji i svoji u isto vrijeme. DSquared2 je za ovu sezonu predstavio elegantna mu\u0161ka odjela, prakti\u010dne jakne te mnogo modnih detalja.<\/p>\n","protected":false},"author":3,"featured_media":0,"comment_status":"open","ping_status":"open","sticky":false,"template":"","format":"standard","meta":{"footnotes":""},"categories":[8],"tags":[95,46,93],"class_list":["post-2874","post","type-post","status-publish","format-standard","hentry","category-muska_moda","tag-muske-jakne","tag-muska-moda","tag-musko-odijelo"],"_links":{"self":[{"href":"https:\/\/m-stil.covermagazin.com\/index.php?rest_route=\/wp\/v2\/posts\/2874","targetHints":{"allow":["GET"]}}],"collection":[{"href":"https:\/\/m-stil.covermagazin.com\/index.php?rest_route=\/wp\/v2\/posts"}],"about":[{"href":"https:\/\/m-stil.covermagazin.com\/index.php?rest_route=\/wp\/v2\/types\/post"}],"author":[{"embeddable":true,"href":"https:\/\/m-stil.covermagazin.com\/index.php?rest_route=\/wp\/v2\/users\/3"}],"replies":[{"embeddable":true,"href":"https:\/\/m-stil.covermagazin.com\/index.php?rest_route=%2Fwp%2Fv2%2Fcomments&post=2874"}],"version-history":[{"count":5,"href":"https:\/\/m-stil.covermagazin.com\/index.php?rest_route=\/wp\/v2\/posts\/2874\/revisions"}],"predecessor-version":[{"id":35365,"href":"https:\/\/m-stil.covermagazin.com\/index.php?rest_route=\/wp\/v2\/posts\/2874\/revisions\/35365"}],"wp:attachment":[{"href":"https:\/\/m-stil.covermagazin.com\/index.php?rest_route=%2Fwp%2Fv2%2Fmedia&parent=2874"}],"wp:term":[{"taxonomy":"category","embeddable":true,"href":"https:\/\/m-stil.covermagazin.com\/index.php?rest_route=%2Fwp%2Fv2%2Fcategories&post=2874"},{"taxonomy":"post_tag","embeddable":true,"href":"https:\/\/m-stil.covermagazin.com\/index.php?rest_route=%2Fwp%2Fv2%2Ftags&post=2874"}],"curies":[{"name":"wp","href":"https:\/\/api.w.org\/{rel}","templated":true}]}}