{"id":28838,"date":"2014-06-04T11:22:49","date_gmt":"2014-06-04T09:22:49","guid":{"rendered":"http:\/\/m-stil.covermagazin.com\/?p=28838"},"modified":"2014-06-17T13:13:16","modified_gmt":"2014-06-17T11:13:16","slug":"kako-biti-najmoderniji-muskarac-na-plazi-ovog-ljeta","status":"publish","type":"post","link":"https:\/\/m-stil.covermagazin.com\/?p=28838","title":{"rendered":"Kako biti najmoderniji mu\u0161karac na pla\u017ei ovog ljeta"},"content":{"rendered":"<h3><a href=\"http:\/\/m-stil.covermagazin.com\/wp-content\/uploads\/2014\/06\/mstil.jpg\"><img loading=\"lazy\" decoding=\"async\" class=\"alignnone size-full wp-image-28839\" src=\"http:\/\/m-stil.covermagazin.com\/wp-content\/uploads\/2014\/06\/mstil.jpg\" alt=\"Moderne kratke hla\u010de za ljeto 2014.\" width=\"300\" height=\"220\" \/><\/a><\/h3>\n<h3>Kako biti najmoderniji mu\u0161karac na pla\u017ei ovog ljeta<\/h3>\n<p>\u0160panjolski brand ES Collection napravio je kampanju za mu\u0161ku odje\u0107u za ljeto 2014. te kroz nju predstavio u globalu ono \u0161to je IN za moderne mu\u0161karce ovog ljeta. Ako ste razmi\u0161ljali kakve su kratke hla\u010de, majice ili kupa\u0107e moderne ovog ljeta, na fotografijama ispod \u0107ete sigurno \u0107ete ste\u0107i uvid.<\/p>\n<p><a href=\"http:\/\/m-stil.covermagazin.com\/wp-content\/uploads\/2014\/06\/musko-kupace-ljeto-2014-a1.jpg\"><img loading=\"lazy\" decoding=\"async\" class=\"alignnone size-full wp-image-28847\" src=\"http:\/\/m-stil.covermagazin.com\/wp-content\/uploads\/2014\/06\/musko-kupace-ljeto-2014-a1.jpg\" alt=\"musko-kupace-ljeto-2014-a1\" width=\"450\" height=\"708\" \/><\/a><\/p>\n<p><a href=\"http:\/\/m-stil.covermagazin.com\/wp-content\/uploads\/2014\/06\/musko-kupace-ljeto-2014-a2.jpg\"><img loading=\"lazy\" decoding=\"async\" class=\"alignnone size-full wp-image-28846\" src=\"http:\/\/m-stil.covermagazin.com\/wp-content\/uploads\/2014\/06\/musko-kupace-ljeto-2014-a2.jpg\" alt=\"Moderne kratke hla\u010de za ljeto 2014.\" width=\"450\" height=\"739\" \/><\/a><\/p>\n<p><a href=\"http:\/\/m-stil.covermagazin.com\/wp-content\/uploads\/2014\/06\/musko-kupace-ljeto-2014-a3.jpg\"><img loading=\"lazy\" decoding=\"async\" class=\"alignnone size-full wp-image-28843\" src=\"http:\/\/m-stil.covermagazin.com\/wp-content\/uploads\/2014\/06\/musko-kupace-ljeto-2014-a3.jpg\" alt=\"Moderne kratke hla\u010de za ljeto 2014.\" width=\"450\" height=\"593\" \/><\/a><\/p>\n<p><a href=\"http:\/\/m-stil.covermagazin.com\/wp-content\/uploads\/2014\/06\/musko-kupace-ljeto-2014-1.jpg\"><img loading=\"lazy\" decoding=\"async\" class=\"alignnone size-full wp-image-28848\" src=\"http:\/\/m-stil.covermagazin.com\/wp-content\/uploads\/2014\/06\/musko-kupace-ljeto-2014-1.jpg\" alt=\"Moderne kratke hla\u010de za ljeto 2014.\" width=\"600\" height=\"300\" \/><\/a><\/p>\n<p><a href=\"http:\/\/m-stil.covermagazin.com\/wp-content\/uploads\/2014\/06\/musko-kupace-ljeto-2014-2.jpg\"><img loading=\"lazy\" decoding=\"async\" class=\"alignnone size-full wp-image-28845\" src=\"http:\/\/m-stil.covermagazin.com\/wp-content\/uploads\/2014\/06\/musko-kupace-ljeto-2014-2.jpg\" alt=\"Moderne kratke hla\u010de za ljeto 2014.\" width=\"600\" height=\"400\" \/><\/a><\/p>\n<p><a href=\"http:\/\/m-stil.covermagazin.com\/wp-content\/uploads\/2014\/06\/musko-kupace-ljeto-2014-3.jpg\"><img loading=\"lazy\" decoding=\"async\" class=\"alignnone size-full wp-image-28844\" src=\"http:\/\/m-stil.covermagazin.com\/wp-content\/uploads\/2014\/06\/musko-kupace-ljeto-2014-3.jpg\" alt=\"musko-kupace-ljeto-2014-3\" width=\"600\" height=\"400\" \/><\/a><\/p>\n<p>&nbsp;<\/p>\n<p><a href=\"http:\/\/m-stil.covermagazin.com\/wp-content\/uploads\/2014\/06\/musko-kupace-ljeto-2014-4.jpg\"><img loading=\"lazy\" decoding=\"async\" class=\"alignnone size-full wp-image-28842\" src=\"http:\/\/m-stil.covermagazin.com\/wp-content\/uploads\/2014\/06\/musko-kupace-ljeto-2014-4.jpg\" alt=\"musko-kupace-ljeto-2014-4\" width=\"600\" height=\"400\" \/><\/a><\/p>\n<p><a href=\"http:\/\/m-stil.covermagazin.com\/wp-content\/uploads\/2014\/06\/musko-kupace-ljeto-2014-5.jpg\"><img loading=\"lazy\" decoding=\"async\" class=\"alignnone size-full wp-image-28841\" src=\"http:\/\/m-stil.covermagazin.com\/wp-content\/uploads\/2014\/06\/musko-kupace-ljeto-2014-5.jpg\" alt=\"Moderne kratke hla\u010de za ljeto 2014.\" width=\"600\" height=\"400\" \/><\/a><\/p>\n<p><a href=\"http:\/\/m-stil.covermagazin.com\/wp-content\/uploads\/2014\/06\/musko-kupace-ljeto-2014-6.jpg\"><img loading=\"lazy\" decoding=\"async\" class=\"alignnone size-full wp-image-28840\" src=\"http:\/\/m-stil.covermagazin.com\/wp-content\/uploads\/2014\/06\/musko-kupace-ljeto-2014-6.jpg\" alt=\"musko-kupace-ljeto-2014-6\" width=\"600\" height=\"400\" \/><\/a><\/p>\n<p>&nbsp;<\/p>\n","protected":false},"excerpt":{"rendered":"<p>\u0160panjolski brand ES Collection napravio je kampanju za mu\u0161ku odje\u0107u za ljeto 2014&#8230;<\/p>\n","protected":false},"author":1,"featured_media":0,"comment_status":"open","ping_status":"open","sticky":false,"template":"","format":"standard","meta":{"footnotes":""},"categories":[8],"tags":[],"class_list":["post-28838","post","type-post","status-publish","format-standard","hentry","category-muska_moda"],"_links":{"self":[{"href":"https:\/\/m-stil.covermagazin.com\/index.php?rest_route=\/wp\/v2\/posts\/28838","targetHints":{"allow":["GET"]}}],"collection":[{"href":"https:\/\/m-stil.covermagazin.com\/index.php?rest_route=\/wp\/v2\/posts"}],"about":[{"href":"https:\/\/m-stil.covermagazin.com\/index.php?rest_route=\/wp\/v2\/types\/post"}],"author":[{"embeddable":true,"href":"https:\/\/m-stil.covermagazin.com\/index.php?rest_route=\/wp\/v2\/users\/1"}],"replies":[{"embeddable":true,"href":"https:\/\/m-stil.covermagazin.com\/index.php?rest_route=%2Fwp%2Fv2%2Fcomments&post=28838"}],"version-history":[{"count":2,"href":"https:\/\/m-stil.covermagazin.com\/index.php?rest_route=\/wp\/v2\/posts\/28838\/revisions"}],"predecessor-version":[{"id":28850,"href":"https:\/\/m-stil.covermagazin.com\/index.php?rest_route=\/wp\/v2\/posts\/28838\/revisions\/28850"}],"wp:attachment":[{"href":"https:\/\/m-stil.covermagazin.com\/index.php?rest_route=%2Fwp%2Fv2%2Fmedia&parent=28838"}],"wp:term":[{"taxonomy":"category","embeddable":true,"href":"https:\/\/m-stil.covermagazin.com\/index.php?rest_route=%2Fwp%2Fv2%2Fcategories&post=28838"},{"taxonomy":"post_tag","embeddable":true,"href":"https:\/\/m-stil.covermagazin.com\/index.php?rest_route=%2Fwp%2Fv2%2Ftags&post=28838"}],"curies":[{"name":"wp","href":"https:\/\/api.w.org\/{rel}","templated":true}]}}