{"id":30186,"date":"2017-04-20T14:40:38","date_gmt":"2017-04-20T12:40:38","guid":{"rendered":"http:\/\/m-stil.covermagazin.com\/?p=30186"},"modified":"2017-04-20T14:40:38","modified_gmt":"2017-04-20T12:40:38","slug":"pruge-u-muskoj-modi","status":"publish","type":"post","link":"https:\/\/m-stil.covermagazin.com\/?p=30186","title":{"rendered":"Pruge u mu\u0161koj modi"},"content":{"rendered":"<h3><a href=\"http:\/\/m-stil.covermagazin.com\/wp-content\/uploads\/2017\/04\/muska_moda_af.jpg\"><img loading=\"lazy\" decoding=\"async\" class=\"alignnone size-full wp-image-30187\" src=\"http:\/\/m-stil.covermagazin.com\/wp-content\/uploads\/2017\/04\/muska_moda_af.jpg\" alt=\"\" width=\"600\" height=\"400\" \/><\/a><\/h3>\n<h3>Pruge u mu\u0161koj modi<\/h3>\n<p><em><strong>Zara prolje\u0107e\/ljeto 2017.<\/strong> <\/em><\/p>\n<p>Pruge uvijek povezujemo s ljetom i morem, ali ove godine pruge su modernije nego ina\u010de, pa \u0107emo ih osim u le\u017eernoj i odje\u0107i za odmor vi\u0111ati na ulicama kontinentalnih gradova, ali \u010de\u0161\u0107e i u poslovnim prilikama.<\/p>\n<p>U kampanji za prolje\u0107e \/ ljeto 2017. Zara je predstavila mu\u0161ku odje\u0107u s prugama.<\/p>\n<p><a href=\"http:\/\/m-stil.covermagazin.com\/wp-content\/uploads\/2017\/04\/muska_moda_a1.jpg\"><img loading=\"lazy\" decoding=\"async\" class=\"alignnone size-full wp-image-30192\" src=\"http:\/\/m-stil.covermagazin.com\/wp-content\/uploads\/2017\/04\/muska_moda_a1.jpg\" alt=\"\" width=\"600\" height=\"400\" \/><\/a> <a href=\"http:\/\/m-stil.covermagazin.com\/wp-content\/uploads\/2017\/04\/muska_moda_a2.jpg\"><img loading=\"lazy\" decoding=\"async\" class=\"alignnone size-full wp-image-30191\" src=\"http:\/\/m-stil.covermagazin.com\/wp-content\/uploads\/2017\/04\/muska_moda_a2.jpg\" alt=\"\" width=\"600\" height=\"400\" \/><\/a> <a href=\"http:\/\/m-stil.covermagazin.com\/wp-content\/uploads\/2017\/04\/muska_moda_a3.jpg\"><img loading=\"lazy\" decoding=\"async\" class=\"alignnone size-full wp-image-30190\" src=\"http:\/\/m-stil.covermagazin.com\/wp-content\/uploads\/2017\/04\/muska_moda_a3.jpg\" alt=\"\" width=\"600\" height=\"400\" \/><\/a> <a href=\"http:\/\/m-stil.covermagazin.com\/wp-content\/uploads\/2017\/04\/muska_moda_a4.jpg\"><img loading=\"lazy\" decoding=\"async\" class=\"alignnone size-full wp-image-30189\" src=\"http:\/\/m-stil.covermagazin.com\/wp-content\/uploads\/2017\/04\/muska_moda_a4.jpg\" alt=\"\" width=\"600\" height=\"400\" \/><\/a> <a href=\"http:\/\/m-stil.covermagazin.com\/wp-content\/uploads\/2017\/04\/muska_moda_a5.jpg\"><img loading=\"lazy\" decoding=\"async\" class=\"alignnone size-full wp-image-30188\" src=\"http:\/\/m-stil.covermagazin.com\/wp-content\/uploads\/2017\/04\/muska_moda_a5.jpg\" alt=\"\" width=\"600\" height=\"400\" \/><\/a><\/p>\n","protected":false},"excerpt":{"rendered":"<p>U kampanji za prolje\u0107e \/ ljeto 2017. Zara je predstavila mu\u0161ku odje\u0107u s prugama. <\/p>\n","protected":false},"author":1,"featured_media":0,"comment_status":"open","ping_status":"open","sticky":false,"template":"","format":"standard","meta":{"footnotes":""},"categories":[8],"tags":[],"class_list":["post-30186","post","type-post","status-publish","format-standard","hentry","category-muska_moda"],"_links":{"self":[{"href":"https:\/\/m-stil.covermagazin.com\/index.php?rest_route=\/wp\/v2\/posts\/30186","targetHints":{"allow":["GET"]}}],"collection":[{"href":"https:\/\/m-stil.covermagazin.com\/index.php?rest_route=\/wp\/v2\/posts"}],"about":[{"href":"https:\/\/m-stil.covermagazin.com\/index.php?rest_route=\/wp\/v2\/types\/post"}],"author":[{"embeddable":true,"href":"https:\/\/m-stil.covermagazin.com\/index.php?rest_route=\/wp\/v2\/users\/1"}],"replies":[{"embeddable":true,"href":"https:\/\/m-stil.covermagazin.com\/index.php?rest_route=%2Fwp%2Fv2%2Fcomments&post=30186"}],"version-history":[{"count":1,"href":"https:\/\/m-stil.covermagazin.com\/index.php?rest_route=\/wp\/v2\/posts\/30186\/revisions"}],"predecessor-version":[{"id":30193,"href":"https:\/\/m-stil.covermagazin.com\/index.php?rest_route=\/wp\/v2\/posts\/30186\/revisions\/30193"}],"wp:attachment":[{"href":"https:\/\/m-stil.covermagazin.com\/index.php?rest_route=%2Fwp%2Fv2%2Fmedia&parent=30186"}],"wp:term":[{"taxonomy":"category","embeddable":true,"href":"https:\/\/m-stil.covermagazin.com\/index.php?rest_route=%2Fwp%2Fv2%2Fcategories&post=30186"},{"taxonomy":"post_tag","embeddable":true,"href":"https:\/\/m-stil.covermagazin.com\/index.php?rest_route=%2Fwp%2Fv2%2Ftags&post=30186"}],"curies":[{"name":"wp","href":"https:\/\/api.w.org\/{rel}","templated":true}]}}