{"id":30261,"date":"2017-07-17T08:59:51","date_gmt":"2017-07-17T06:59:51","guid":{"rendered":"http:\/\/m-stil.covermagazin.com\/?p=30261"},"modified":"2020-11-22T17:52:27","modified_gmt":"2020-11-22T15:52:27","slug":"muska-moda-za-ljeto-2017-ruzicasto","status":"publish","type":"post","link":"https:\/\/m-stil.covermagazin.com\/?p=30261","title":{"rendered":"Mu\u0161ka moda za ljeto &#8211; ru\u017ei\u010dasto &#8211;"},"content":{"rendered":"<h3>Mu\u0161ka moda za ljeto &#8211; ru\u017ei\u010dasto &#8211;<\/h3>\n<p>&nbsp;<\/p>\n<p>Mo\u017eda malo neobi\u010dno, ali apsolutni hit ovog ljeta za mu\u0161karce su roza i ru\u017ei\u010dasta boja. Iako su ko\u0161ulje u pastelnim ru\u017ei\u010dastim nijansama moderne nekoliko sezona, ove sezone ta boja nosiva je na svim odjevnim predmetima, od hla\u010da do kupa\u0107ih ga\u0107a.<\/p>\n<p>Iako dje\u010daci ne vole ovu boju i smatraju je bojom za curice, hrabri i izgra\u0111eni mu\u0161karci \u0107e prihvatiti ovaj trend i pokazati i na ovaj na\u010din svoju modnu osvije\u0161tenost.<\/p>\n<p>Ispod su fotografije iz modne kampanje za ljeto poznatog dizajnerskog branda Katama.<\/p>\n<p><a href=\"http:\/\/m-stil.covermagazin.com\/wp-content\/uploads\/2017\/06\/muska_moda_ljeto_2017.jpg\"><img loading=\"lazy\" decoding=\"async\" class=\"alignnone size-full wp-image-30262\" src=\"http:\/\/m-stil.covermagazin.com\/wp-content\/uploads\/2017\/06\/muska_moda_ljeto_2017.jpg\" alt=\"\" width=\"600\" height=\"422\" \/><\/a> <a href=\"http:\/\/m-stil.covermagazin.com\/wp-content\/uploads\/2017\/06\/muska_moda_ljeto_2017_2.jpg\"><img loading=\"lazy\" decoding=\"async\" class=\"alignnone size-full wp-image-30263\" src=\"http:\/\/m-stil.covermagazin.com\/wp-content\/uploads\/2017\/06\/muska_moda_ljeto_2017_2.jpg\" alt=\"\" width=\"600\" height=\"425\" \/><\/a> <a href=\"http:\/\/m-stil.covermagazin.com\/wp-content\/uploads\/2017\/06\/muska_moda_ljeto_2017_3.jpg\"><img loading=\"lazy\" decoding=\"async\" class=\"alignnone size-full wp-image-30264\" src=\"http:\/\/m-stil.covermagazin.com\/wp-content\/uploads\/2017\/06\/muska_moda_ljeto_2017_3.jpg\" alt=\"\" width=\"600\" height=\"400\" \/><\/a> <a href=\"http:\/\/m-stil.covermagazin.com\/wp-content\/uploads\/2017\/06\/muska_moda_ljeto_2017_4.jpg\"><img loading=\"lazy\" decoding=\"async\" class=\"alignnone size-full wp-image-30265\" src=\"http:\/\/m-stil.covermagazin.com\/wp-content\/uploads\/2017\/06\/muska_moda_ljeto_2017_4.jpg\" alt=\"\" width=\"600\" height=\"400\" \/><\/a><\/p>\n","protected":false},"excerpt":{"rendered":"<p>Iako su ko\u0161ulje u pastelnim ru\u017ei\u010dastim nijansama moderne nekoliko sezona, ove sezone ta boja nosiva je na svim odjevnim predmetima, od hla\u010da do kupa\u0107ih ga\u0107a&#8230;<\/p>\n","protected":false},"author":1,"featured_media":0,"comment_status":"open","ping_status":"open","sticky":false,"template":"","format":"standard","meta":{"footnotes":""},"categories":[8],"tags":[],"class_list":["post-30261","post","type-post","status-publish","format-standard","hentry","category-muska_moda"],"_links":{"self":[{"href":"https:\/\/m-stil.covermagazin.com\/index.php?rest_route=\/wp\/v2\/posts\/30261","targetHints":{"allow":["GET"]}}],"collection":[{"href":"https:\/\/m-stil.covermagazin.com\/index.php?rest_route=\/wp\/v2\/posts"}],"about":[{"href":"https:\/\/m-stil.covermagazin.com\/index.php?rest_route=\/wp\/v2\/types\/post"}],"author":[{"embeddable":true,"href":"https:\/\/m-stil.covermagazin.com\/index.php?rest_route=\/wp\/v2\/users\/1"}],"replies":[{"embeddable":true,"href":"https:\/\/m-stil.covermagazin.com\/index.php?rest_route=%2Fwp%2Fv2%2Fcomments&post=30261"}],"version-history":[{"count":2,"href":"https:\/\/m-stil.covermagazin.com\/index.php?rest_route=\/wp\/v2\/posts\/30261\/revisions"}],"predecessor-version":[{"id":35742,"href":"https:\/\/m-stil.covermagazin.com\/index.php?rest_route=\/wp\/v2\/posts\/30261\/revisions\/35742"}],"wp:attachment":[{"href":"https:\/\/m-stil.covermagazin.com\/index.php?rest_route=%2Fwp%2Fv2%2Fmedia&parent=30261"}],"wp:term":[{"taxonomy":"category","embeddable":true,"href":"https:\/\/m-stil.covermagazin.com\/index.php?rest_route=%2Fwp%2Fv2%2Fcategories&post=30261"},{"taxonomy":"post_tag","embeddable":true,"href":"https:\/\/m-stil.covermagazin.com\/index.php?rest_route=%2Fwp%2Fv2%2Ftags&post=30261"}],"curies":[{"name":"wp","href":"https:\/\/api.w.org\/{rel}","templated":true}]}}