{"id":30267,"date":"2017-06-13T11:14:56","date_gmt":"2017-06-13T09:14:56","guid":{"rendered":"http:\/\/m-stil.covermagazin.com\/?p=30267"},"modified":"2017-06-13T11:14:56","modified_gmt":"2017-06-13T09:14:56","slug":"rimac-concept-one-fotografije","status":"publish","type":"post","link":"https:\/\/m-stil.covermagazin.com\/?p=30267","title":{"rendered":"Rimac Concept One &#8211; fotografije &#8211;"},"content":{"rendered":"<h3>Rimac Concept One &#8211; fotografije &#8211;<\/h3>\n<p>&nbsp;<\/p>\n<p>Automobil Rimac Concept One ovih dana je u \u017eari\u0161tu pa\u017enje zbog nezgode koju je u njemu do\u017eivio biv\u0161i Top Gearovac Richard Hammond, a ako niste do sada vidjeli kako izgleda ovaj super luksuzni elektri\u010dni automobil pogledajte fotografije ispod.<\/p>\n<p><a href=\"http:\/\/m-stil.covermagazin.com\/wp-content\/uploads\/2017\/06\/Rimac-Concept-One-fotografije-1.jpg\"><img loading=\"lazy\" decoding=\"async\" class=\"alignnone size-full wp-image-30268\" src=\"http:\/\/m-stil.covermagazin.com\/wp-content\/uploads\/2017\/06\/Rimac-Concept-One-fotografije-1.jpg\" alt=\"\" width=\"600\" height=\"396\" \/><\/a> <a href=\"http:\/\/m-stil.covermagazin.com\/wp-content\/uploads\/2017\/06\/Rimac-Concept-One-fotografije-2.jpg\"><img loading=\"lazy\" decoding=\"async\" class=\"alignnone size-full wp-image-30269\" src=\"http:\/\/m-stil.covermagazin.com\/wp-content\/uploads\/2017\/06\/Rimac-Concept-One-fotografije-2.jpg\" alt=\"\" width=\"600\" height=\"399\" \/><\/a> <a href=\"http:\/\/m-stil.covermagazin.com\/wp-content\/uploads\/2017\/06\/Rimac-Concept-One-fotografije-3.jpg\"><img loading=\"lazy\" decoding=\"async\" class=\"alignnone size-full wp-image-30270\" src=\"http:\/\/m-stil.covermagazin.com\/wp-content\/uploads\/2017\/06\/Rimac-Concept-One-fotografije-3.jpg\" alt=\"\" width=\"600\" height=\"399\" \/><\/a> <a href=\"http:\/\/m-stil.covermagazin.com\/wp-content\/uploads\/2017\/06\/Rimac-Concept-One-fotografije-4.jpg\"><img loading=\"lazy\" decoding=\"async\" class=\"alignnone size-full wp-image-30271\" src=\"http:\/\/m-stil.covermagazin.com\/wp-content\/uploads\/2017\/06\/Rimac-Concept-One-fotografije-4.jpg\" alt=\"\" width=\"600\" height=\"367\" \/><\/a> <a href=\"http:\/\/m-stil.covermagazin.com\/wp-content\/uploads\/2017\/06\/Rimac-Concept-One-fotografije-5.jpg\"><img loading=\"lazy\" decoding=\"async\" class=\"alignnone size-full wp-image-30272\" src=\"http:\/\/m-stil.covermagazin.com\/wp-content\/uploads\/2017\/06\/Rimac-Concept-One-fotografije-5.jpg\" alt=\"\" width=\"600\" height=\"561\" \/><\/a> <a href=\"http:\/\/m-stil.covermagazin.com\/wp-content\/uploads\/2017\/06\/Rimac-Concept-One-fotografije-6.jpg\"><img loading=\"lazy\" decoding=\"async\" class=\"alignnone size-full wp-image-30273\" src=\"http:\/\/m-stil.covermagazin.com\/wp-content\/uploads\/2017\/06\/Rimac-Concept-One-fotografije-6.jpg\" alt=\"\" width=\"600\" height=\"337\" \/><\/a> <a href=\"http:\/\/m-stil.covermagazin.com\/wp-content\/uploads\/2017\/06\/Rimac-Concept-One-fotografije-7.jpg\"><img loading=\"lazy\" decoding=\"async\" class=\"alignnone size-full wp-image-30274\" src=\"http:\/\/m-stil.covermagazin.com\/wp-content\/uploads\/2017\/06\/Rimac-Concept-One-fotografije-7.jpg\" alt=\"\" width=\"600\" height=\"333\" \/><\/a> <a href=\"http:\/\/m-stil.covermagazin.com\/wp-content\/uploads\/2017\/06\/Rimac-Concept-One-fotografije-8.jpg\"><img loading=\"lazy\" decoding=\"async\" class=\"alignnone size-full wp-image-30275\" src=\"http:\/\/m-stil.covermagazin.com\/wp-content\/uploads\/2017\/06\/Rimac-Concept-One-fotografije-8.jpg\" alt=\"\" width=\"600\" height=\"338\" \/><\/a><\/p>\n","protected":false},"excerpt":{"rendered":"<p>Ako niste do sada vidjeli kako izgleda ovaj super luksuzni elektri\u010dni automobil pogledajte fotografije ispod&#8230;<\/p>\n","protected":false},"author":1,"featured_media":0,"comment_status":"open","ping_status":"open","sticky":false,"template":"","format":"standard","meta":{"footnotes":""},"categories":[134],"tags":[],"class_list":["post-30267","post","type-post","status-publish","format-standard","hentry","category-slike_automobila"],"_links":{"self":[{"href":"https:\/\/m-stil.covermagazin.com\/index.php?rest_route=\/wp\/v2\/posts\/30267","targetHints":{"allow":["GET"]}}],"collection":[{"href":"https:\/\/m-stil.covermagazin.com\/index.php?rest_route=\/wp\/v2\/posts"}],"about":[{"href":"https:\/\/m-stil.covermagazin.com\/index.php?rest_route=\/wp\/v2\/types\/post"}],"author":[{"embeddable":true,"href":"https:\/\/m-stil.covermagazin.com\/index.php?rest_route=\/wp\/v2\/users\/1"}],"replies":[{"embeddable":true,"href":"https:\/\/m-stil.covermagazin.com\/index.php?rest_route=%2Fwp%2Fv2%2Fcomments&post=30267"}],"version-history":[{"count":1,"href":"https:\/\/m-stil.covermagazin.com\/index.php?rest_route=\/wp\/v2\/posts\/30267\/revisions"}],"predecessor-version":[{"id":30276,"href":"https:\/\/m-stil.covermagazin.com\/index.php?rest_route=\/wp\/v2\/posts\/30267\/revisions\/30276"}],"wp:attachment":[{"href":"https:\/\/m-stil.covermagazin.com\/index.php?rest_route=%2Fwp%2Fv2%2Fmedia&parent=30267"}],"wp:term":[{"taxonomy":"category","embeddable":true,"href":"https:\/\/m-stil.covermagazin.com\/index.php?rest_route=%2Fwp%2Fv2%2Fcategories&post=30267"},{"taxonomy":"post_tag","embeddable":true,"href":"https:\/\/m-stil.covermagazin.com\/index.php?rest_route=%2Fwp%2Fv2%2Ftags&post=30267"}],"curies":[{"name":"wp","href":"https:\/\/api.w.org\/{rel}","templated":true}]}}