{"id":30451,"date":"2017-11-14T15:52:28","date_gmt":"2017-11-14T13:52:28","guid":{"rendered":"http:\/\/m-stil.covermagazin.com\/?p=30451"},"modified":"2024-10-10T19:42:36","modified_gmt":"2024-10-10T17:42:36","slug":"plisana-odjeca-u-muskoj-modi","status":"publish","type":"post","link":"https:\/\/m-stil.covermagazin.com\/?p=30451","title":{"rendered":"Pli\u0161ana odje\u0107a u mu\u0161koj modi"},"content":{"rendered":"<h3><a href=\"http:\/\/m-stil.covermagazin.com\/wp-content\/uploads\/2017\/11\/muska_moda_plis.jpg\"><img loading=\"lazy\" decoding=\"async\" class=\"alignnone size-full wp-image-30458\" src=\"http:\/\/m-stil.covermagazin.com\/wp-content\/uploads\/2017\/11\/muska_moda_plis.jpg\" alt=\"\" width=\"600\" height=\"400\" \/><\/a><\/h3>\n<h3>Pli\u0161ana odje\u0107a u mu\u0161koj modi<\/h3>\n<p>&nbsp;<\/p>\n<p>Pli\u0161 je ovosezonski apsolutni hit u \u017eenskoj modi, ali mnogi mu\u0161karci ga se libe nositi jer ga smatraju \u017eenskastim materijalom, \u0161to naravno nije istina.<\/p>\n<p>Kada se nosi na pravi na\u010din, na odabranim odjevnim predmetima i u dobrim odjevnim kombinacijama, pli\u0161 mo\u017ee dati mu\u0161koj odje\u0107i zavr\u0161ni \u0161tih profinjenosti i elegancije.<\/p>\n<p>Pli\u0161 odli\u010dno se nosi na cipelama, posebno onim sve\u010danim, na jaknama i na sakoima.<\/p>\n<p><a href=\"http:\/\/m-stil.covermagazin.com\/wp-content\/uploads\/2017\/11\/plis_u_muskoj_modi_1.jpg\"><img loading=\"lazy\" decoding=\"async\" class=\"alignnone size-full wp-image-30457\" src=\"http:\/\/m-stil.covermagazin.com\/wp-content\/uploads\/2017\/11\/plis_u_muskoj_modi_1.jpg\" alt=\"\" width=\"400\" height=\"500\" \/><\/a> <a href=\"http:\/\/m-stil.covermagazin.com\/wp-content\/uploads\/2017\/11\/plis_u_muskoj_modi_1-1.jpg\"><img loading=\"lazy\" decoding=\"async\" class=\"alignnone size-full wp-image-30455\" src=\"http:\/\/m-stil.covermagazin.com\/wp-content\/uploads\/2017\/11\/plis_u_muskoj_modi_1-1.jpg\" alt=\"\" width=\"400\" height=\"500\" \/><\/a> <a href=\"http:\/\/m-stil.covermagazin.com\/wp-content\/uploads\/2017\/11\/plis_u_muskoj_modi_2_2.jpg\"><img loading=\"lazy\" decoding=\"async\" class=\"alignnone size-full wp-image-30453\" src=\"http:\/\/m-stil.covermagazin.com\/wp-content\/uploads\/2017\/11\/plis_u_muskoj_modi_2_2.jpg\" alt=\"\" width=\"400\" height=\"500\" \/><\/a> <a href=\"http:\/\/m-stil.covermagazin.com\/wp-content\/uploads\/2017\/11\/plis_u_muskoj_modi_2.jpg\"><img loading=\"lazy\" decoding=\"async\" class=\"alignnone size-full wp-image-30456\" src=\"http:\/\/m-stil.covermagazin.com\/wp-content\/uploads\/2017\/11\/plis_u_muskoj_modi_2.jpg\" alt=\"\" width=\"400\" height=\"500\" \/><\/a> <a href=\"http:\/\/m-stil.covermagazin.com\/wp-content\/uploads\/2017\/11\/plis_u_muskoj_modi_3_2.jpg\"><img loading=\"lazy\" decoding=\"async\" class=\"alignnone size-full wp-image-30452\" src=\"http:\/\/m-stil.covermagazin.com\/wp-content\/uploads\/2017\/11\/plis_u_muskoj_modi_3_2.jpg\" alt=\"\" width=\"400\" height=\"500\" \/><\/a> <a href=\"http:\/\/m-stil.covermagazin.com\/wp-content\/uploads\/2017\/11\/plis_u_muskoj_modi_3.jpg\"><img loading=\"lazy\" decoding=\"async\" class=\"alignnone size-full wp-image-30454\" src=\"http:\/\/m-stil.covermagazin.com\/wp-content\/uploads\/2017\/11\/plis_u_muskoj_modi_3.jpg\" alt=\"\" width=\"400\" height=\"500\" \/><\/a><\/p>\n","protected":false},"excerpt":{"rendered":"<p>Pli\u0161ana odje\u0107a u mu\u0161koj modi &nbsp; Pli\u0161 je ovosezonski apsolutni hit u \u017eenskoj modi, ali mnogi mu\u0161karci ga se libe nositi jer ga smatraju \u017eenskastim materijalom, \u0161to naravno nije istina. Kada se nosi na pravi na\u010din, na odabranim odjevnim predmetima i u dobrim odjevnim kombinacijama, pli\u0161 mo\u017ee dati mu\u0161koj odje\u0107i zavr\u0161ni \u0161tih profinjenosti i elegancije. [&hellip;]<\/p>\n","protected":false},"author":1,"featured_media":0,"comment_status":"open","ping_status":"open","sticky":false,"template":"","format":"standard","meta":{"footnotes":""},"categories":[8],"tags":[213,194],"class_list":["post-30451","post","type-post","status-publish","format-standard","hentry","category-muska_moda","tag-muska-odjeca","tag-muski-sako"],"_links":{"self":[{"href":"https:\/\/m-stil.covermagazin.com\/index.php?rest_route=\/wp\/v2\/posts\/30451","targetHints":{"allow":["GET"]}}],"collection":[{"href":"https:\/\/m-stil.covermagazin.com\/index.php?rest_route=\/wp\/v2\/posts"}],"about":[{"href":"https:\/\/m-stil.covermagazin.com\/index.php?rest_route=\/wp\/v2\/types\/post"}],"author":[{"embeddable":true,"href":"https:\/\/m-stil.covermagazin.com\/index.php?rest_route=\/wp\/v2\/users\/1"}],"replies":[{"embeddable":true,"href":"https:\/\/m-stil.covermagazin.com\/index.php?rest_route=%2Fwp%2Fv2%2Fcomments&post=30451"}],"version-history":[{"count":1,"href":"https:\/\/m-stil.covermagazin.com\/index.php?rest_route=\/wp\/v2\/posts\/30451\/revisions"}],"predecessor-version":[{"id":30459,"href":"https:\/\/m-stil.covermagazin.com\/index.php?rest_route=\/wp\/v2\/posts\/30451\/revisions\/30459"}],"wp:attachment":[{"href":"https:\/\/m-stil.covermagazin.com\/index.php?rest_route=%2Fwp%2Fv2%2Fmedia&parent=30451"}],"wp:term":[{"taxonomy":"category","embeddable":true,"href":"https:\/\/m-stil.covermagazin.com\/index.php?rest_route=%2Fwp%2Fv2%2Fcategories&post=30451"},{"taxonomy":"post_tag","embeddable":true,"href":"https:\/\/m-stil.covermagazin.com\/index.php?rest_route=%2Fwp%2Fv2%2Ftags&post=30451"}],"curies":[{"name":"wp","href":"https:\/\/api.w.org\/{rel}","templated":true}]}}