{"id":30828,"date":"2018-02-28T14:44:52","date_gmt":"2018-02-28T12:44:52","guid":{"rendered":"http:\/\/m-stil.covermagazin.com\/?p=30828"},"modified":"2024-10-10T20:04:19","modified_gmt":"2024-10-10T18:04:19","slug":"najmodernija-boja-za-aute-u-2018","status":"publish","type":"post","link":"https:\/\/m-stil.covermagazin.com\/?p=30828","title":{"rendered":"Najmodernija boja za aute"},"content":{"rendered":"<h3><a href=\"http:\/\/m-stil.covermagazin.com\/wp-content\/uploads\/2018\/02\/boja_automobila_1-1.jpg\"><img loading=\"lazy\" decoding=\"async\" class=\"alignnone size-full wp-image-30830\" src=\"http:\/\/m-stil.covermagazin.com\/wp-content\/uploads\/2018\/02\/boja_automobila_1-1.jpg\" alt=\"\" width=\"600\" height=\"400\" \/><\/a><\/h3>\n<h3>Najmodernija boja za aute<\/h3>\n<p>&nbsp;<\/p>\n<p>Najmoderniju boju za automobile procjenjujemo prema popularnosti te boje u promotivnim kampanjama i katalozima najnovijih automobila, a ove godine najvi\u0161e se novih automobila predstavilo u \u017eutoj boji.<\/p>\n<p>Ispod su samo neka od atraktivnih vozila \u010dije kompanije smatraju kako ih \u017euta odli\u010dno predstavlja.<\/p>\n<figure id=\"attachment_30831\" aria-describedby=\"caption-attachment-30831\" style=\"width: 600px\" class=\"wp-caption alignnone\"><a href=\"http:\/\/m-stil.covermagazin.com\/wp-content\/uploads\/2018\/02\/boja_automobila_12.jpg\"><img loading=\"lazy\" decoding=\"async\" class=\"size-full wp-image-30831\" src=\"http:\/\/m-stil.covermagazin.com\/wp-content\/uploads\/2018\/02\/boja_automobila_12.jpg\" alt=\"\" width=\"600\" height=\"397\" \/><\/a><figcaption id=\"caption-attachment-30831\" class=\"wp-caption-text\">BMW X2<\/figcaption><\/figure>\n<figure id=\"attachment_30832\" aria-describedby=\"caption-attachment-30832\" style=\"width: 600px\" class=\"wp-caption alignnone\"><a href=\"http:\/\/m-stil.covermagazin.com\/wp-content\/uploads\/2018\/02\/boja_automobila_11.jpg\"><img loading=\"lazy\" decoding=\"async\" class=\"size-full wp-image-30832\" src=\"http:\/\/m-stil.covermagazin.com\/wp-content\/uploads\/2018\/02\/boja_automobila_11.jpg\" alt=\"\" width=\"600\" height=\"400\" \/><\/a><figcaption id=\"caption-attachment-30832\" class=\"wp-caption-text\">Suzuki Swift Sport<\/figcaption><\/figure>\n<p><a href=\"http:\/\/m-stil.covermagazin.com\/wp-content\/uploads\/2009\/08\/auti_9a-1.jpg\"><img loading=\"lazy\" decoding=\"async\" class=\"alignnone size-full wp-image-30826\" src=\"http:\/\/m-stil.covermagazin.com\/wp-content\/uploads\/2009\/08\/auti_9a-1.jpg\" alt=\"\" width=\"600\" height=\"400\" \/><\/a><\/p>\n<figure id=\"attachment_30823\" aria-describedby=\"caption-attachment-30823\" style=\"width: 600px\" class=\"wp-caption alignnone\"><a href=\"http:\/\/m-stil.covermagazin.com\/wp-content\/uploads\/2009\/08\/auti_3.jpg\"><img loading=\"lazy\" decoding=\"async\" class=\"size-full wp-image-30823\" src=\"http:\/\/m-stil.covermagazin.com\/wp-content\/uploads\/2009\/08\/auti_3.jpg\" alt=\"\" width=\"600\" height=\"300\" \/><\/a><figcaption id=\"caption-attachment-30823\" class=\"wp-caption-text\">Lexus LC500<\/figcaption><\/figure>\n<figure id=\"attachment_30822\" aria-describedby=\"caption-attachment-30822\" style=\"width: 600px\" class=\"wp-caption alignnone\"><a href=\"http:\/\/m-stil.covermagazin.com\/wp-content\/uploads\/2009\/08\/auti_4.jpg\"><img loading=\"lazy\" decoding=\"async\" class=\"size-full wp-image-30822\" src=\"http:\/\/m-stil.covermagazin.com\/wp-content\/uploads\/2009\/08\/auti_4.jpg\" alt=\"\" width=\"600\" height=\"300\" \/><\/a><figcaption id=\"caption-attachment-30822\" class=\"wp-caption-text\">Toyota CH-R<\/figcaption><\/figure>\n<figure id=\"attachment_30820\" aria-describedby=\"caption-attachment-30820\" style=\"width: 600px\" class=\"wp-caption alignnone\"><a href=\"http:\/\/m-stil.covermagazin.com\/wp-content\/uploads\/2009\/08\/auti_6.jpg\"><img loading=\"lazy\" decoding=\"async\" class=\"size-full wp-image-30820\" src=\"http:\/\/m-stil.covermagazin.com\/wp-content\/uploads\/2009\/08\/auti_6.jpg\" alt=\"\" width=\"600\" height=\"339\" \/><\/a><figcaption id=\"caption-attachment-30820\" class=\"wp-caption-text\">Audi Q2<\/figcaption><\/figure>\n<figure id=\"attachment_30816\" aria-describedby=\"caption-attachment-30816\" style=\"width: 600px\" class=\"wp-caption alignnone\"><a href=\"http:\/\/m-stil.covermagazin.com\/wp-content\/uploads\/2009\/08\/auti_9a.jpg\"><img loading=\"lazy\" decoding=\"async\" class=\"wp-image-30816 size-full\" src=\"http:\/\/m-stil.covermagazin.com\/wp-content\/uploads\/2009\/08\/auti_9a.jpg\" alt=\"\" width=\"600\" height=\"400\" \/><\/a><figcaption id=\"caption-attachment-30816\" class=\"wp-caption-text\">Porsche 911 GT3<\/figcaption><\/figure>\n","protected":false},"excerpt":{"rendered":"<p>Najmoderniju boju za automobile procjenjujemo prema popularnosti te boje u promotivnim kampanjama i katalozima najnovijih automobila&#8230;<\/p>\n","protected":false},"author":1,"featured_media":0,"comment_status":"open","ping_status":"open","sticky":false,"template":"","format":"standard","meta":{"footnotes":""},"categories":[13,5],"tags":[211,306,185],"class_list":["post-30828","post","type-post","status-publish","format-standard","hentry","category-auti","category-featured","tag-porsche","tag-suzuki","tag-toyota"],"_links":{"self":[{"href":"https:\/\/m-stil.covermagazin.com\/index.php?rest_route=\/wp\/v2\/posts\/30828","targetHints":{"allow":["GET"]}}],"collection":[{"href":"https:\/\/m-stil.covermagazin.com\/index.php?rest_route=\/wp\/v2\/posts"}],"about":[{"href":"https:\/\/m-stil.covermagazin.com\/index.php?rest_route=\/wp\/v2\/types\/post"}],"author":[{"embeddable":true,"href":"https:\/\/m-stil.covermagazin.com\/index.php?rest_route=\/wp\/v2\/users\/1"}],"replies":[{"embeddable":true,"href":"https:\/\/m-stil.covermagazin.com\/index.php?rest_route=%2Fwp%2Fv2%2Fcomments&post=30828"}],"version-history":[{"count":2,"href":"https:\/\/m-stil.covermagazin.com\/index.php?rest_route=\/wp\/v2\/posts\/30828\/revisions"}],"predecessor-version":[{"id":35744,"href":"https:\/\/m-stil.covermagazin.com\/index.php?rest_route=\/wp\/v2\/posts\/30828\/revisions\/35744"}],"wp:attachment":[{"href":"https:\/\/m-stil.covermagazin.com\/index.php?rest_route=%2Fwp%2Fv2%2Fmedia&parent=30828"}],"wp:term":[{"taxonomy":"category","embeddable":true,"href":"https:\/\/m-stil.covermagazin.com\/index.php?rest_route=%2Fwp%2Fv2%2Fcategories&post=30828"},{"taxonomy":"post_tag","embeddable":true,"href":"https:\/\/m-stil.covermagazin.com\/index.php?rest_route=%2Fwp%2Fv2%2Ftags&post=30828"}],"curies":[{"name":"wp","href":"https:\/\/api.w.org\/{rel}","templated":true}]}}