{"id":3192,"date":"2009-05-01T10:51:49","date_gmt":"2009-05-01T08:51:49","guid":{"rendered":"http:\/\/m-stil.covermagazin.com\/?p=3192"},"modified":"2009-05-02T11:23:08","modified_gmt":"2009-05-02T09:23:08","slug":"salvatore-ferragamo-muska-odjeca","status":"publish","type":"post","link":"https:\/\/m-stil.covermagazin.com\/?p=3192","title":{"rendered":"Salvatore Ferragamo mu\u0161ka odje\u0107a"},"content":{"rendered":"<p>Na predstavljenim revijama za prolje\u0107e i ljeto 2009. Salvatore Ferragamo mu\u0161ka odje\u0107a je svijetlih boja, be\u017e nijansi, uz ja\u010de izra\u017eene naran\u010dastu, ru\u017ei\u010dastu i plavu koje su dopunjavale kolekciju.<\/p>\n<p>Salvatore Ferragamo mu\u0161ka odje\u0107a za prolje\u0107e i ljeto 2009.<\/p>\n<p><a href=\"http:\/\/m-stil.covermagazin.com\/wp-content\/uploads\/2009\/05\/salvatore-ferragamo-muska-odjeca-1.jpg\"><img loading=\"lazy\" decoding=\"async\" class=\"alignleft size-full wp-image-3193\" title=\"salvatore-ferragamo-muska-odjeca-1\" src=\"http:\/\/m-stil.covermagazin.com\/wp-content\/uploads\/2009\/05\/salvatore-ferragamo-muska-odjeca-1.jpg\" alt=\"salvatore-ferragamo-muska-odjeca-1\" width=\"175\" height=\"350\" \/><\/a><a href=\"http:\/\/m-stil.covermagazin.com\/wp-content\/uploads\/2009\/05\/salvatore-ferragamo-muska-odjeca-2.jpg\"><img loading=\"lazy\" decoding=\"async\" class=\"alignleft size-full wp-image-3194\" title=\"salvatore-ferragamo-muska-odjeca-2\" src=\"http:\/\/m-stil.covermagazin.com\/wp-content\/uploads\/2009\/05\/salvatore-ferragamo-muska-odjeca-2.jpg\" alt=\"salvatore-ferragamo-muska-odjeca-2\" width=\"175\" height=\"350\" \/><\/a><a href=\"http:\/\/m-stil.covermagazin.com\/wp-content\/uploads\/2009\/05\/salvatore-ferragamo-muska-odjeca-3.jpg\"><img loading=\"lazy\" decoding=\"async\" class=\"alignleft size-full wp-image-3195\" title=\"salvatore-ferragamo-muska-odjeca-3\" src=\"http:\/\/m-stil.covermagazin.com\/wp-content\/uploads\/2009\/05\/salvatore-ferragamo-muska-odjeca-3.jpg\" alt=\"salvatore-ferragamo-muska-odjeca-3\" width=\"175\" height=\"350\" \/><\/a><a href=\"http:\/\/m-stil.covermagazin.com\/wp-content\/uploads\/2009\/05\/salvatore-ferragamo-muska-odjeca-4.jpg\"><img loading=\"lazy\" decoding=\"async\" class=\"alignleft size-full wp-image-3196\" title=\"salvatore-ferragamo-muska-odjeca-4\" src=\"http:\/\/m-stil.covermagazin.com\/wp-content\/uploads\/2009\/05\/salvatore-ferragamo-muska-odjeca-4.jpg\" alt=\"salvatore-ferragamo-muska-odjeca-4\" width=\"175\" height=\"350\" \/><\/a><a href=\"http:\/\/m-stil.covermagazin.com\/wp-content\/uploads\/2009\/05\/salvatore-ferragamo-muska-odjeca-5.jpg\"><img loading=\"lazy\" decoding=\"async\" class=\"alignleft size-full wp-image-3197\" title=\"salvatore-ferragamo-muska-odjeca-5\" src=\"http:\/\/m-stil.covermagazin.com\/wp-content\/uploads\/2009\/05\/salvatore-ferragamo-muska-odjeca-5.jpg\" alt=\"salvatore-ferragamo-muska-odjeca-5\" width=\"175\" height=\"350\" \/><\/a><a href=\"http:\/\/m-stil.covermagazin.com\/wp-content\/uploads\/2009\/05\/salvatore-ferragamo-muska-odjeca-6.jpg\"><img loading=\"lazy\" decoding=\"async\" class=\"alignleft size-full wp-image-3198\" title=\"salvatore-ferragamo-muska-odjeca-6\" src=\"http:\/\/m-stil.covermagazin.com\/wp-content\/uploads\/2009\/05\/salvatore-ferragamo-muska-odjeca-6.jpg\" alt=\"salvatore-ferragamo-muska-odjeca-6\" width=\"175\" height=\"350\" \/><\/a><\/p>\n","protected":false},"excerpt":{"rendered":"<p>Na predstavljenim revijama za prolje\u0107e i ljeto 2009. Salvatore Ferragamo mu\u0161ka odje\u0107a je svijetlih boja, be\u017e nijansi, uz ja\u010de izra\u017eene naran\u010dastu, ru\u017ei\u010dastu i plavu koje su dopunjavale kolekciju. Salvatore Ferragamo mu\u0161ka odje\u0107a za prolje\u0107e i ljeto 2009.<\/p>\n","protected":false},"author":1,"featured_media":0,"comment_status":"open","ping_status":"open","sticky":false,"template":"","format":"standard","meta":{"footnotes":""},"categories":[8],"tags":[46],"class_list":["post-3192","post","type-post","status-publish","format-standard","hentry","category-muska_moda","tag-muska-moda"],"_links":{"self":[{"href":"https:\/\/m-stil.covermagazin.com\/index.php?rest_route=\/wp\/v2\/posts\/3192","targetHints":{"allow":["GET"]}}],"collection":[{"href":"https:\/\/m-stil.covermagazin.com\/index.php?rest_route=\/wp\/v2\/posts"}],"about":[{"href":"https:\/\/m-stil.covermagazin.com\/index.php?rest_route=\/wp\/v2\/types\/post"}],"author":[{"embeddable":true,"href":"https:\/\/m-stil.covermagazin.com\/index.php?rest_route=\/wp\/v2\/users\/1"}],"replies":[{"embeddable":true,"href":"https:\/\/m-stil.covermagazin.com\/index.php?rest_route=%2Fwp%2Fv2%2Fcomments&post=3192"}],"version-history":[{"count":2,"href":"https:\/\/m-stil.covermagazin.com\/index.php?rest_route=\/wp\/v2\/posts\/3192\/revisions"}],"predecessor-version":[{"id":3279,"href":"https:\/\/m-stil.covermagazin.com\/index.php?rest_route=\/wp\/v2\/posts\/3192\/revisions\/3279"}],"wp:attachment":[{"href":"https:\/\/m-stil.covermagazin.com\/index.php?rest_route=%2Fwp%2Fv2%2Fmedia&parent=3192"}],"wp:term":[{"taxonomy":"category","embeddable":true,"href":"https:\/\/m-stil.covermagazin.com\/index.php?rest_route=%2Fwp%2Fv2%2Fcategories&post=3192"},{"taxonomy":"post_tag","embeddable":true,"href":"https:\/\/m-stil.covermagazin.com\/index.php?rest_route=%2Fwp%2Fv2%2Ftags&post=3192"}],"curies":[{"name":"wp","href":"https:\/\/api.w.org\/{rel}","templated":true}]}}