{"id":3220,"date":"2009-05-02T10:44:27","date_gmt":"2009-05-02T08:44:27","guid":{"rendered":"http:\/\/m-stil.covermagazin.com\/?p=3220"},"modified":"2009-05-02T11:23:50","modified_gmt":"2009-05-02T09:23:50","slug":"fendi-kolekcija-za-proljece","status":"publish","type":"post","link":"https:\/\/m-stil.covermagazin.com\/?p=3220","title":{"rendered":"Fendi kolekcija za prolje\u0107e"},"content":{"rendered":"<p>Fendi kolekcija za prolje\u0107e i ljeto 2009. predstavljena na revijama obuhva\u0107a svjetlije pastelne boje, ali i neke jake i upe\u010datljive boje. Dominiraju nijanse sme\u0111e i sive uz \u017eutu i plavu.<br \/>\n<a href=\"http:\/\/m-stil.covermagazin.com\/wp-content\/uploads\/2009\/05\/fendi-muska-odjeca-i-musko-odijelo-1.jpg\"><img loading=\"lazy\" decoding=\"async\" class=\"alignleft size-full wp-image-3221\" title=\"fendi-muska-odjeca-i-musko-odijelo-1\" src=\"http:\/\/m-stil.covermagazin.com\/wp-content\/uploads\/2009\/05\/fendi-muska-odjeca-i-musko-odijelo-1.jpg\" alt=\"fendi-muska-odjeca-i-musko-odijelo-1\" width=\"175\" height=\"350\" \/><\/a><a href=\"http:\/\/m-stil.covermagazin.com\/wp-content\/uploads\/2009\/05\/fendi-muska-odjeca-i-musko-odijelo-2.jpg\"><img loading=\"lazy\" decoding=\"async\" class=\"alignleft size-full wp-image-3222\" title=\"fendi-muska-odjeca-i-musko-odijelo-2\" src=\"http:\/\/m-stil.covermagazin.com\/wp-content\/uploads\/2009\/05\/fendi-muska-odjeca-i-musko-odijelo-2.jpg\" alt=\"fendi-muska-odjeca-i-musko-odijelo-2\" width=\"175\" height=\"350\" \/><\/a><a href=\"http:\/\/m-stil.covermagazin.com\/wp-content\/uploads\/2009\/05\/fendi-muska-odjeca-i-musko-odijelo-3.jpg\"><a rel=\"attachment wp-att-3224\" href=\"http:\/\/m-stil.covermagazin.com\/?attachment_id=3224\"><img loading=\"lazy\" decoding=\"async\" class=\"alignleft size-full wp-image-3224\" title=\"fendi-muska-odjeca-i-musko-odijelo-4\" src=\"http:\/\/m-stil.covermagazin.com\/wp-content\/uploads\/2009\/05\/fendi-muska-odjeca-i-musko-odijelo-4.jpg\" alt=\"fendi-muska-odjeca-i-musko-odijelo-4\" width=\"175\" height=\"350\" \/><\/a><a href=\"http:\/\/m-stil.covermagazin.com\/wp-content\/uploads\/2009\/05\/fendi-muska-odjeca-i-musko-odijelo-5.jpg\"><img loading=\"lazy\" decoding=\"async\" class=\"alignleft size-full wp-image-3225\" title=\"fendi-muska-odjeca-i-musko-odijelo-5\" src=\"http:\/\/m-stil.covermagazin.com\/wp-content\/uploads\/2009\/05\/fendi-muska-odjeca-i-musko-odijelo-5.jpg\" alt=\"fendi-muska-odjeca-i-musko-odijelo-5\" width=\"175\" height=\"350\" \/><\/a><a href=\"http:\/\/m-stil.covermagazin.com\/wp-content\/uploads\/2009\/05\/fendi-muska-odjeca-i-musko-odijelo-6.jpg\"><img loading=\"lazy\" decoding=\"async\" class=\"alignleft size-full wp-image-3226\" title=\"fendi-muska-odjeca-i-musko-odijelo-6\" src=\"http:\/\/m-stil.covermagazin.com\/wp-content\/uploads\/2009\/05\/fendi-muska-odjeca-i-musko-odijelo-6.jpg\" alt=\"fendi-muska-odjeca-i-musko-odijelo-6\" width=\"175\" height=\"350\" \/><\/a><img loading=\"lazy\" decoding=\"async\" class=\"alignleft size-full wp-image-3223\" title=\"fendi-muska-odjeca-i-musko-odijelo-3\" src=\"http:\/\/m-stil.covermagazin.com\/wp-content\/uploads\/2009\/05\/fendi-muska-odjeca-i-musko-odijelo-3.jpg\" alt=\"fendi-muska-odjeca-i-musko-odijelo-3\" width=\"175\" height=\"350\" \/><\/a><\/p>\n","protected":false},"excerpt":{"rendered":"<p>Fendi kolekcija za prolje\u0107e i ljeto 2009. predstavljena na revijama obuhva\u0107a svjetlije pastelne boje, ali i neke jake i upe\u010datljive boje. Dominiraju nijanse sme\u0111e i sive uz \u017eutu i plavu.<\/p>\n","protected":false},"author":1,"featured_media":0,"comment_status":"open","ping_status":"open","sticky":false,"template":"","format":"standard","meta":{"footnotes":""},"categories":[8],"tags":[46],"class_list":["post-3220","post","type-post","status-publish","format-standard","hentry","category-muska_moda","tag-muska-moda"],"_links":{"self":[{"href":"https:\/\/m-stil.covermagazin.com\/index.php?rest_route=\/wp\/v2\/posts\/3220","targetHints":{"allow":["GET"]}}],"collection":[{"href":"https:\/\/m-stil.covermagazin.com\/index.php?rest_route=\/wp\/v2\/posts"}],"about":[{"href":"https:\/\/m-stil.covermagazin.com\/index.php?rest_route=\/wp\/v2\/types\/post"}],"author":[{"embeddable":true,"href":"https:\/\/m-stil.covermagazin.com\/index.php?rest_route=\/wp\/v2\/users\/1"}],"replies":[{"embeddable":true,"href":"https:\/\/m-stil.covermagazin.com\/index.php?rest_route=%2Fwp%2Fv2%2Fcomments&post=3220"}],"version-history":[{"count":5,"href":"https:\/\/m-stil.covermagazin.com\/index.php?rest_route=\/wp\/v2\/posts\/3220\/revisions"}],"predecessor-version":[{"id":3285,"href":"https:\/\/m-stil.covermagazin.com\/index.php?rest_route=\/wp\/v2\/posts\/3220\/revisions\/3285"}],"wp:attachment":[{"href":"https:\/\/m-stil.covermagazin.com\/index.php?rest_route=%2Fwp%2Fv2%2Fmedia&parent=3220"}],"wp:term":[{"taxonomy":"category","embeddable":true,"href":"https:\/\/m-stil.covermagazin.com\/index.php?rest_route=%2Fwp%2Fv2%2Fcategories&post=3220"},{"taxonomy":"post_tag","embeddable":true,"href":"https:\/\/m-stil.covermagazin.com\/index.php?rest_route=%2Fwp%2Fv2%2Ftags&post=3220"}],"curies":[{"name":"wp","href":"https:\/\/api.w.org\/{rel}","templated":true}]}}