{"id":3387,"date":"2009-05-04T14:44:54","date_gmt":"2009-05-04T12:44:54","guid":{"rendered":"http:\/\/m-stil.covermagazin.com\/?p=3387"},"modified":"2009-05-04T14:44:54","modified_gmt":"2009-05-04T12:44:54","slug":"bottega-veneta","status":"publish","type":"post","link":"https:\/\/m-stil.covermagazin.com\/?p=3387","title":{"rendered":"Bottega Veneta"},"content":{"rendered":"<p>Bottega Veneta kolekcija za prolje\u0107e i ljeto 2009. za mu\u0161karce je s puno jakih boja uz bijelu te tamno plavu i sivu.\u00a0 Bottega Veneta je dio Gucci grupe, a glavni dizajner mu\u0161ke kolekcije je Tomas Maier.<\/p>\n<p><a href=\"http:\/\/m-stil.covermagazin.com\/wp-content\/uploads\/2009\/05\/bottega-veneta-muska-moda-1.jpg\"><img loading=\"lazy\" decoding=\"async\" class=\"alignleft size-full wp-image-3388\" title=\"bottega-veneta-muska-moda-1\" src=\"http:\/\/m-stil.covermagazin.com\/wp-content\/uploads\/2009\/05\/bottega-veneta-muska-moda-1.jpg\" alt=\"bottega-veneta-muska-moda-1\" width=\"175\" height=\"350\" \/><\/a><a href=\"http:\/\/m-stil.covermagazin.com\/wp-content\/uploads\/2009\/05\/bottega-veneta-muska-moda-21.jpg\"><img loading=\"lazy\" decoding=\"async\" class=\"alignleft size-full wp-image-3390\" title=\"bottega-veneta-muska-moda-21\" src=\"http:\/\/m-stil.covermagazin.com\/wp-content\/uploads\/2009\/05\/bottega-veneta-muska-moda-21.jpg\" alt=\"bottega-veneta-muska-moda-21\" width=\"175\" height=\"350\" \/><\/a><a href=\"http:\/\/m-stil.covermagazin.com\/wp-content\/uploads\/2009\/05\/bottega-veneta-muska-moda-3.jpg\"><img loading=\"lazy\" decoding=\"async\" class=\"alignleft size-full wp-image-3391\" title=\"bottega-veneta-muska-moda-3\" src=\"http:\/\/m-stil.covermagazin.com\/wp-content\/uploads\/2009\/05\/bottega-veneta-muska-moda-3.jpg\" alt=\"bottega-veneta-muska-moda-3\" width=\"175\" height=\"350\" \/><\/a><a href=\"http:\/\/m-stil.covermagazin.com\/wp-content\/uploads\/2009\/05\/bottega-veneta-muska-moda-4.jpg\"><img loading=\"lazy\" decoding=\"async\" class=\"alignleft size-full wp-image-3392\" title=\"bottega-veneta-muska-moda-4\" src=\"http:\/\/m-stil.covermagazin.com\/wp-content\/uploads\/2009\/05\/bottega-veneta-muska-moda-4.jpg\" alt=\"bottega-veneta-muska-moda-4\" width=\"175\" height=\"350\" \/><\/a><a href=\"http:\/\/m-stil.covermagazin.com\/wp-content\/uploads\/2009\/05\/bottega-veneta-muska-moda-5.jpg\"><img loading=\"lazy\" decoding=\"async\" class=\"alignleft size-full wp-image-3393\" title=\"bottega-veneta-muska-moda-5\" src=\"http:\/\/m-stil.covermagazin.com\/wp-content\/uploads\/2009\/05\/bottega-veneta-muska-moda-5.jpg\" alt=\"bottega-veneta-muska-moda-5\" width=\"175\" height=\"350\" \/><\/a><a href=\"http:\/\/m-stil.covermagazin.com\/wp-content\/uploads\/2009\/05\/bottega-veneta-muska-moda-6.jpg\"><img loading=\"lazy\" decoding=\"async\" class=\"alignleft size-full wp-image-3394\" title=\"bottega-veneta-muska-moda-6\" src=\"http:\/\/m-stil.covermagazin.com\/wp-content\/uploads\/2009\/05\/bottega-veneta-muska-moda-6.jpg\" alt=\"bottega-veneta-muska-moda-6\" width=\"175\" height=\"350\" \/><\/a><\/p>\n","protected":false},"excerpt":{"rendered":"<p>Bottega Veneta kolekcija za prolje\u0107e i ljeto 2009. za mu\u0161karce je s puno jakih boja uz bijelu te tamno plavu i sivu.  Bottega Veneta je dio Gucci grupe, a glavni dizajner mu\u0161ke kolekcije je Tomas Maier.<\/p>\n","protected":false},"author":3,"featured_media":0,"comment_status":"open","ping_status":"open","sticky":false,"template":"","format":"standard","meta":{"footnotes":""},"categories":[8],"tags":[46],"class_list":["post-3387","post","type-post","status-publish","format-standard","hentry","category-muska_moda","tag-muska-moda"],"_links":{"self":[{"href":"https:\/\/m-stil.covermagazin.com\/index.php?rest_route=\/wp\/v2\/posts\/3387","targetHints":{"allow":["GET"]}}],"collection":[{"href":"https:\/\/m-stil.covermagazin.com\/index.php?rest_route=\/wp\/v2\/posts"}],"about":[{"href":"https:\/\/m-stil.covermagazin.com\/index.php?rest_route=\/wp\/v2\/types\/post"}],"author":[{"embeddable":true,"href":"https:\/\/m-stil.covermagazin.com\/index.php?rest_route=\/wp\/v2\/users\/3"}],"replies":[{"embeddable":true,"href":"https:\/\/m-stil.covermagazin.com\/index.php?rest_route=%2Fwp%2Fv2%2Fcomments&post=3387"}],"version-history":[{"count":2,"href":"https:\/\/m-stil.covermagazin.com\/index.php?rest_route=\/wp\/v2\/posts\/3387\/revisions"}],"predecessor-version":[{"id":3396,"href":"https:\/\/m-stil.covermagazin.com\/index.php?rest_route=\/wp\/v2\/posts\/3387\/revisions\/3396"}],"wp:attachment":[{"href":"https:\/\/m-stil.covermagazin.com\/index.php?rest_route=%2Fwp%2Fv2%2Fmedia&parent=3387"}],"wp:term":[{"taxonomy":"category","embeddable":true,"href":"https:\/\/m-stil.covermagazin.com\/index.php?rest_route=%2Fwp%2Fv2%2Fcategories&post=3387"},{"taxonomy":"post_tag","embeddable":true,"href":"https:\/\/m-stil.covermagazin.com\/index.php?rest_route=%2Fwp%2Fv2%2Ftags&post=3387"}],"curies":[{"name":"wp","href":"https:\/\/api.w.org\/{rel}","templated":true}]}}