{"id":35833,"date":"2021-01-04T11:03:37","date_gmt":"2021-01-04T09:03:37","guid":{"rendered":"https:\/\/m-stil.covermagazin.com\/?p=35833"},"modified":"2024-10-10T20:06:08","modified_gmt":"2024-10-10T18:06:08","slug":"novi-vw-golf","status":"publish","type":"post","link":"https:\/\/m-stil.covermagazin.com\/?p=35833","title":{"rendered":"Novi VW Golf"},"content":{"rendered":"<p><a href=\"https:\/\/m-stil.covermagazin.com\/?attachment_id=35886\" rel=\"attachment wp-att-35886\"><img loading=\"lazy\" decoding=\"async\" class=\"alignnone size-full wp-image-35886\" src=\"https:\/\/m-stil.covermagazin.com\/wp-content\/uploads\/2020\/12\/Novi-Golf-Cover.jpg\" alt=\"\" width=\"600\" height=\"400\" \/><\/a><\/p>\n<h3>Novi VW Golf<\/h3>\n<p>Novi Golf postavlja nova mjerila u digitalizaciji na cesti. Inteligentni sustavi asistencije \u010dine svaku vo\u017enju udobnijom i opu\u0161tenijom. U kombinaciji s prepoznatljivim osje\u0107ajem koje mo\u017ee samo Golf ponuditi.<br \/>\nNovi Golf &#8211; jednu generaciju udobniji, inteligentniji i umre\u017eeniji.<br \/>\nKarakteriziraju ga i tri nova sustava:<br \/>\nInnovision Cockpit &#8211; Sve ovisi o vama.<br \/>\nIQ.LIGHT. Svjetlo s kvocijentom inteligencije.<br \/>\nIQ.DRIVE: Car2X &#8211; Prepoznaje opasnosti koje bi mogle do\u0107i: Car2X.<\/p>\n<p><a href=\"https:\/\/m-stil.covermagazin.com\/?attachment_id=35887\" rel=\"attachment wp-att-35887\"><img loading=\"lazy\" decoding=\"async\" class=\"alignnone size-full wp-image-35887\" src=\"https:\/\/m-stil.covermagazin.com\/wp-content\/uploads\/2020\/12\/Novi-Golf-1.jpg\" alt=\"\" width=\"600\" height=\"450\" \/><\/a> <a href=\"https:\/\/m-stil.covermagazin.com\/?attachment_id=35888\" rel=\"attachment wp-att-35888\"><img loading=\"lazy\" decoding=\"async\" class=\"alignnone size-full wp-image-35888\" src=\"https:\/\/m-stil.covermagazin.com\/wp-content\/uploads\/2020\/12\/Novi-Golf-2.jpg\" alt=\"\" width=\"600\" height=\"300\" \/><\/a> <a href=\"https:\/\/m-stil.covermagazin.com\/?attachment_id=35889\" rel=\"attachment wp-att-35889\"><img loading=\"lazy\" decoding=\"async\" class=\"alignnone size-full wp-image-35889\" src=\"https:\/\/m-stil.covermagazin.com\/wp-content\/uploads\/2020\/12\/Novi-Golf-3.jpg\" alt=\"\" width=\"600\" height=\"399\" \/><\/a> <a href=\"https:\/\/m-stil.covermagazin.com\/?attachment_id=35890\" rel=\"attachment wp-att-35890\"><img loading=\"lazy\" decoding=\"async\" class=\"alignnone size-full wp-image-35890\" src=\"https:\/\/m-stil.covermagazin.com\/wp-content\/uploads\/2020\/12\/Novi-Golf-4.jpg\" alt=\"\" width=\"600\" height=\"338\" \/><\/a> <a href=\"https:\/\/m-stil.covermagazin.com\/?attachment_id=35891\" rel=\"attachment wp-att-35891\"><img loading=\"lazy\" decoding=\"async\" class=\"alignnone size-full wp-image-35891\" src=\"https:\/\/m-stil.covermagazin.com\/wp-content\/uploads\/2020\/12\/Novi-Golf-5.jpg\" alt=\"\" width=\"600\" height=\"338\" \/><\/a> <a href=\"https:\/\/m-stil.covermagazin.com\/?attachment_id=35892\" rel=\"attachment wp-att-35892\"><img loading=\"lazy\" decoding=\"async\" class=\"alignnone size-full wp-image-35892\" src=\"https:\/\/m-stil.covermagazin.com\/wp-content\/uploads\/2020\/12\/Novi-Golf-6.jpg\" alt=\"\" width=\"600\" height=\"400\" \/><\/a><\/p>\n","protected":false},"excerpt":{"rendered":"<p>Novi VW Golf Novi Golf postavlja nova mjerila u digitalizaciji na cesti. Inteligentni sustavi asistencije \u010dine svaku vo\u017enju udobnijom i opu\u0161tenijom. U kombinaciji s prepoznatljivim osje\u0107ajem koje mo\u017ee samo Golf ponuditi. Novi Golf &#8211; jednu generaciju udobniji, inteligentniji i umre\u017eeniji. Karakteriziraju ga i tri nova sustava: Innovision Cockpit &#8211; Sve ovisi o vama. IQ.LIGHT. Svjetlo [&hellip;]<\/p>\n","protected":false},"author":1,"featured_media":0,"comment_status":"open","ping_status":"open","sticky":false,"template":"","format":"standard","meta":{"footnotes":""},"categories":[134],"tags":[932,762,854,289],"class_list":["post-35833","post","type-post","status-publish","format-standard","hentry","category-slike_automobila","tag-muski-portal","tag-novi-automobili","tag-portal-za-muskarce","tag-volkswagen"],"_links":{"self":[{"href":"https:\/\/m-stil.covermagazin.com\/index.php?rest_route=\/wp\/v2\/posts\/35833","targetHints":{"allow":["GET"]}}],"collection":[{"href":"https:\/\/m-stil.covermagazin.com\/index.php?rest_route=\/wp\/v2\/posts"}],"about":[{"href":"https:\/\/m-stil.covermagazin.com\/index.php?rest_route=\/wp\/v2\/types\/post"}],"author":[{"embeddable":true,"href":"https:\/\/m-stil.covermagazin.com\/index.php?rest_route=\/wp\/v2\/users\/1"}],"replies":[{"embeddable":true,"href":"https:\/\/m-stil.covermagazin.com\/index.php?rest_route=%2Fwp%2Fv2%2Fcomments&post=35833"}],"version-history":[{"count":2,"href":"https:\/\/m-stil.covermagazin.com\/index.php?rest_route=\/wp\/v2\/posts\/35833\/revisions"}],"predecessor-version":[{"id":35893,"href":"https:\/\/m-stil.covermagazin.com\/index.php?rest_route=\/wp\/v2\/posts\/35833\/revisions\/35893"}],"wp:attachment":[{"href":"https:\/\/m-stil.covermagazin.com\/index.php?rest_route=%2Fwp%2Fv2%2Fmedia&parent=35833"}],"wp:term":[{"taxonomy":"category","embeddable":true,"href":"https:\/\/m-stil.covermagazin.com\/index.php?rest_route=%2Fwp%2Fv2%2Fcategories&post=35833"},{"taxonomy":"post_tag","embeddable":true,"href":"https:\/\/m-stil.covermagazin.com\/index.php?rest_route=%2Fwp%2Fv2%2Ftags&post=35833"}],"curies":[{"name":"wp","href":"https:\/\/api.w.org\/{rel}","templated":true}]}}