{"id":35848,"date":"2020-12-21T08:53:03","date_gmt":"2020-12-21T06:53:03","guid":{"rendered":"https:\/\/m-stil.covermagazin.com\/?p=35848"},"modified":"2024-10-10T19:49:16","modified_gmt":"2024-10-10T17:49:16","slug":"volkswagen-elektricni-automobil-id-4","status":"publish","type":"post","link":"https:\/\/m-stil.covermagazin.com\/?p=35848","title":{"rendered":"Volkswagen elektri\u010dni automobil ID.4"},"content":{"rendered":"<h3><a href=\"https:\/\/m-stil.covermagazin.com\/?attachment_id=35866\" rel=\"attachment wp-att-35866\"><img loading=\"lazy\" decoding=\"async\" class=\"alignnone size-full wp-image-35866\" src=\"https:\/\/m-stil.covermagazin.com\/wp-content\/uploads\/2020\/12\/Volkswagen-elektricni-automobil-ID.4-Cover.jpg\" alt=\"\" width=\"600\" height=\"400\" \/><\/a><\/h3>\n<h3>Volkswagen elektri\u010dni automobil ID.4<\/h3>\n<p>Elektri\u010dne performanse koje odu\u0161evljavaju. Udobnost intuitivnog rukovanja koja \u0107e sve u\u010diniti jednostavnim. Novi ID.4 je sna\u017ean kao SUV i odr\u017eiv kao ID.<\/p>\n<p><a href=\"https:\/\/m-stil.covermagazin.com\/?attachment_id=35867\" rel=\"attachment wp-att-35867\"><img loading=\"lazy\" decoding=\"async\" class=\"alignnone size-full wp-image-35867\" src=\"https:\/\/m-stil.covermagazin.com\/wp-content\/uploads\/2020\/12\/Volkswagen-elektricni-automobil-ID.4-0.jpg\" alt=\"\" width=\"600\" height=\"400\" \/><\/a> <a href=\"https:\/\/m-stil.covermagazin.com\/?attachment_id=35868\" rel=\"attachment wp-att-35868\"><img loading=\"lazy\" decoding=\"async\" class=\"alignnone size-full wp-image-35868\" src=\"https:\/\/m-stil.covermagazin.com\/wp-content\/uploads\/2020\/12\/Volkswagen-elektricni-automobil-ID.4-1.jpg\" alt=\"\" width=\"600\" height=\"399\" \/><\/a> <a href=\"https:\/\/m-stil.covermagazin.com\/?attachment_id=35869\" rel=\"attachment wp-att-35869\"><img loading=\"lazy\" decoding=\"async\" class=\"alignnone size-full wp-image-35869\" src=\"https:\/\/m-stil.covermagazin.com\/wp-content\/uploads\/2020\/12\/Volkswagen-elektricni-automobil-ID.4-2.jpg\" alt=\"\" width=\"600\" height=\"397\" \/><\/a> <a href=\"https:\/\/m-stil.covermagazin.com\/?attachment_id=35870\" rel=\"attachment wp-att-35870\"><img loading=\"lazy\" decoding=\"async\" class=\"alignnone size-full wp-image-35870\" src=\"https:\/\/m-stil.covermagazin.com\/wp-content\/uploads\/2020\/12\/Volkswagen-elektricni-automobil-ID.4-3.jpg\" alt=\"\" width=\"600\" height=\"400\" \/><\/a> <a href=\"https:\/\/m-stil.covermagazin.com\/?attachment_id=35871\" rel=\"attachment wp-att-35871\"><img loading=\"lazy\" decoding=\"async\" class=\"alignnone size-full wp-image-35871\" src=\"https:\/\/m-stil.covermagazin.com\/wp-content\/uploads\/2020\/12\/Volkswagen-elektricni-automobil-ID.4-4.jpg\" alt=\"\" width=\"600\" height=\"400\" \/><\/a> <a href=\"https:\/\/m-stil.covermagazin.com\/?attachment_id=35872\" rel=\"attachment wp-att-35872\"><img loading=\"lazy\" decoding=\"async\" class=\"alignnone size-full wp-image-35872\" src=\"https:\/\/m-stil.covermagazin.com\/wp-content\/uploads\/2020\/12\/Volkswagen-elektricni-automobil-ID.4-5.jpg\" alt=\"\" width=\"600\" height=\"399\" \/><\/a><\/p>\n<p>&nbsp;<\/p>\n","protected":false},"excerpt":{"rendered":"<p>Volkswagen elektri\u010dni automobil ID.4 Elektri\u010dne performanse koje odu\u0161evljavaju. Udobnost intuitivnog rukovanja koja \u0107e sve u\u010diniti jednostavnim. Novi ID.4 je sna\u017ean kao SUV i odr\u017eiv kao ID. &nbsp;<\/p>\n","protected":false},"author":1,"featured_media":0,"comment_status":"open","ping_status":"open","sticky":false,"template":"","format":"standard","meta":{"footnotes":""},"categories":[134],"tags":[843,932,854],"class_list":["post-35848","post","type-post","status-publish","format-standard","hentry","category-slike_automobila","tag-elektricni-automobil","tag-muski-portal","tag-portal-za-muskarce"],"_links":{"self":[{"href":"https:\/\/m-stil.covermagazin.com\/index.php?rest_route=\/wp\/v2\/posts\/35848","targetHints":{"allow":["GET"]}}],"collection":[{"href":"https:\/\/m-stil.covermagazin.com\/index.php?rest_route=\/wp\/v2\/posts"}],"about":[{"href":"https:\/\/m-stil.covermagazin.com\/index.php?rest_route=\/wp\/v2\/types\/post"}],"author":[{"embeddable":true,"href":"https:\/\/m-stil.covermagazin.com\/index.php?rest_route=\/wp\/v2\/users\/1"}],"replies":[{"embeddable":true,"href":"https:\/\/m-stil.covermagazin.com\/index.php?rest_route=%2Fwp%2Fv2%2Fcomments&post=35848"}],"version-history":[{"count":2,"href":"https:\/\/m-stil.covermagazin.com\/index.php?rest_route=\/wp\/v2\/posts\/35848\/revisions"}],"predecessor-version":[{"id":35873,"href":"https:\/\/m-stil.covermagazin.com\/index.php?rest_route=\/wp\/v2\/posts\/35848\/revisions\/35873"}],"wp:attachment":[{"href":"https:\/\/m-stil.covermagazin.com\/index.php?rest_route=%2Fwp%2Fv2%2Fmedia&parent=35848"}],"wp:term":[{"taxonomy":"category","embeddable":true,"href":"https:\/\/m-stil.covermagazin.com\/index.php?rest_route=%2Fwp%2Fv2%2Fcategories&post=35848"},{"taxonomy":"post_tag","embeddable":true,"href":"https:\/\/m-stil.covermagazin.com\/index.php?rest_route=%2Fwp%2Fv2%2Ftags&post=35848"}],"curies":[{"name":"wp","href":"https:\/\/api.w.org\/{rel}","templated":true}]}}