{"id":35857,"date":"2020-12-26T11:23:09","date_gmt":"2020-12-26T09:23:09","guid":{"rendered":"https:\/\/m-stil.covermagazin.com\/?p=35857"},"modified":"2024-10-10T19:49:16","modified_gmt":"2024-10-10T17:49:16","slug":"volkswagen-elektricni-automobil-id-3","status":"publish","type":"post","link":"https:\/\/m-stil.covermagazin.com\/?p=35857","title":{"rendered":"Volkswagen elektri\u010dni automobil ID.3"},"content":{"rendered":"<h3><a href=\"https:\/\/m-stil.covermagazin.com\/?attachment_id=35864\" rel=\"attachment wp-att-35864\"><img loading=\"lazy\" decoding=\"async\" class=\"alignnone size-full wp-image-35864\" src=\"https:\/\/m-stil.covermagazin.com\/wp-content\/uploads\/2020\/12\/Volkswagen-elektricni-automobil-ID.3-Cover.jpg\" alt=\"\" width=\"600\" height=\"399\" \/><\/a><\/h3>\n<h3>Volkswagen elektri\u010dni automobil ID.3<\/h3>\n<p>S modelom ID.3 po\u010dinje novo, dinami\u010dno doba u svijetu elektri\u010dne mobilnosti. Elektriziraju\u0107e performanse susre\u0107u se s revolucionarnim dizajnom i dosegom za svakodnevnu upotrebu. I to za one koji tra\u017ee promjene.<br \/>\nCijena od (uklju\u010duju\u0107i PDV) 289.849 kn<\/p>\n<p><a href=\"https:\/\/m-stil.covermagazin.com\/?attachment_id=35858\" rel=\"attachment wp-att-35858\"><img loading=\"lazy\" decoding=\"async\" class=\"alignnone size-full wp-image-35858\" src=\"https:\/\/m-stil.covermagazin.com\/wp-content\/uploads\/2020\/12\/Volkswagen-elektricni-automobil-ID.3-0.jpg\" alt=\"Volkswagen elektri\u010dni automobil\" width=\"600\" height=\"400\" \/><\/a> <a href=\"https:\/\/m-stil.covermagazin.com\/?attachment_id=35859\" rel=\"attachment wp-att-35859\"><img loading=\"lazy\" decoding=\"async\" class=\"alignnone size-full wp-image-35859\" src=\"https:\/\/m-stil.covermagazin.com\/wp-content\/uploads\/2020\/12\/Volkswagen-elektricni-automobil-ID.3-1.jpg\" alt=\"Volkswagen elektri\u010dni automobil\" width=\"600\" height=\"399\" \/><\/a> <a href=\"https:\/\/m-stil.covermagazin.com\/?attachment_id=35860\" rel=\"attachment wp-att-35860\"><img loading=\"lazy\" decoding=\"async\" class=\"alignnone size-full wp-image-35860\" src=\"https:\/\/m-stil.covermagazin.com\/wp-content\/uploads\/2020\/12\/Volkswagen-elektricni-automobil-ID.3-2.jpg\" alt=\"Volkswagen elektri\u010dni automobil\" width=\"600\" height=\"400\" \/><\/a> <a href=\"https:\/\/m-stil.covermagazin.com\/?attachment_id=35861\" rel=\"attachment wp-att-35861\"><img loading=\"lazy\" decoding=\"async\" class=\"alignnone size-full wp-image-35861\" src=\"https:\/\/m-stil.covermagazin.com\/wp-content\/uploads\/2020\/12\/Volkswagen-elektricni-automobil-ID.3-3.jpg\" alt=\"Volkswagen elektri\u010dni automobil\" width=\"600\" height=\"400\" \/><\/a> <a href=\"https:\/\/m-stil.covermagazin.com\/?attachment_id=35862\" rel=\"attachment wp-att-35862\"><img loading=\"lazy\" decoding=\"async\" class=\"alignnone size-full wp-image-35862\" src=\"https:\/\/m-stil.covermagazin.com\/wp-content\/uploads\/2020\/12\/Volkswagen-elektricni-automobil-ID.3-4.jpg\" alt=\"Volkswagen elektri\u010dni automobil\" width=\"600\" height=\"400\" \/><\/a> <a href=\"https:\/\/m-stil.covermagazin.com\/?attachment_id=35863\" rel=\"attachment wp-att-35863\"><img loading=\"lazy\" decoding=\"async\" class=\"alignnone size-full wp-image-35863\" src=\"https:\/\/m-stil.covermagazin.com\/wp-content\/uploads\/2020\/12\/Volkswagen-elektricni-automobil-ID.3-5.jpg\" alt=\"Volkswagen elektri\u010dni automobil\" width=\"600\" height=\"400\" \/><\/a><\/p>\n","protected":false},"excerpt":{"rendered":"<p>Volkswagen elektri\u010dni automobil ID.3 S modelom ID.3 po\u010dinje novo, dinami\u010dno doba u svijetu elektri\u010dne mobilnosti. Elektriziraju\u0107e performanse susre\u0107u se s revolucionarnim dizajnom i dosegom za svakodnevnu upotrebu. I to za one koji tra\u017ee promjene. Cijena od (uklju\u010duju\u0107i PDV) 289.849 kn<\/p>\n","protected":false},"author":1,"featured_media":0,"comment_status":"open","ping_status":"open","sticky":false,"template":"","format":"standard","meta":{"footnotes":""},"categories":[939],"tags":[843,932,762,854],"class_list":["post-35857","post","type-post","status-publish","format-standard","hentry","category-novi-auti-preko-200-000-kn","tag-elektricni-automobil","tag-muski-portal","tag-novi-automobili","tag-portal-za-muskarce"],"_links":{"self":[{"href":"https:\/\/m-stil.covermagazin.com\/index.php?rest_route=\/wp\/v2\/posts\/35857","targetHints":{"allow":["GET"]}}],"collection":[{"href":"https:\/\/m-stil.covermagazin.com\/index.php?rest_route=\/wp\/v2\/posts"}],"about":[{"href":"https:\/\/m-stil.covermagazin.com\/index.php?rest_route=\/wp\/v2\/types\/post"}],"author":[{"embeddable":true,"href":"https:\/\/m-stil.covermagazin.com\/index.php?rest_route=\/wp\/v2\/users\/1"}],"replies":[{"embeddable":true,"href":"https:\/\/m-stil.covermagazin.com\/index.php?rest_route=%2Fwp%2Fv2%2Fcomments&post=35857"}],"version-history":[{"count":1,"href":"https:\/\/m-stil.covermagazin.com\/index.php?rest_route=\/wp\/v2\/posts\/35857\/revisions"}],"predecessor-version":[{"id":35865,"href":"https:\/\/m-stil.covermagazin.com\/index.php?rest_route=\/wp\/v2\/posts\/35857\/revisions\/35865"}],"wp:attachment":[{"href":"https:\/\/m-stil.covermagazin.com\/index.php?rest_route=%2Fwp%2Fv2%2Fmedia&parent=35857"}],"wp:term":[{"taxonomy":"category","embeddable":true,"href":"https:\/\/m-stil.covermagazin.com\/index.php?rest_route=%2Fwp%2Fv2%2Fcategories&post=35857"},{"taxonomy":"post_tag","embeddable":true,"href":"https:\/\/m-stil.covermagazin.com\/index.php?rest_route=%2Fwp%2Fv2%2Ftags&post=35857"}],"curies":[{"name":"wp","href":"https:\/\/api.w.org\/{rel}","templated":true}]}}