{"id":3652,"date":"2009-05-06T19:27:07","date_gmt":"2009-05-06T17:27:07","guid":{"rendered":"http:\/\/m-stil.covermagazin.com\/?p=3652"},"modified":"2009-05-07T18:57:18","modified_gmt":"2009-05-07T16:57:18","slug":"dior-homme","status":"publish","type":"post","link":"https:\/\/m-stil.covermagazin.com\/?p=3652","title":{"rendered":"Dior Homme"},"content":{"rendered":"<p>Dior Homme je linija modne ku\u0107e Dior za mu\u0161karce. Ovu mu\u0161ku kolekciju \u010desto biraju i poznati mu\u0161karci me\u0111u kojima su Pete Doherty, Jude Law, David Bowie, Kanye West, David Beckham, Mick Jagger\u2026<\/p>\n<p>S revija za prolje\u0107e i ljeto 2009. izdvajamo:<\/p>\n<p><a href=\"http:\/\/m-stil.covermagazin.com\/wp-content\/uploads\/2009\/05\/dior-homme-muska-moda-i-muska-odjeca-1.jpg\"><img loading=\"lazy\" decoding=\"async\" class=\"size-full wp-image-3653 alignleft\" title=\"dior-homme-muska-moda-i-muska-odjeca-1\" src=\"http:\/\/m-stil.covermagazin.com\/wp-content\/uploads\/2009\/05\/dior-homme-muska-moda-i-muska-odjeca-1.jpg\" alt=\"dior-homme-muska-moda-i-muska-odjeca-1\" width=\"175\" height=\"350\" \/><\/a><a href=\"http:\/\/m-stil.covermagazin.com\/wp-content\/uploads\/2009\/05\/dior-homme-muska-moda-i-muska-odjeca-2.jpg\"><img loading=\"lazy\" decoding=\"async\" class=\"alignleft size-full wp-image-3654\" title=\"dior-homme-muska-moda-i-muska-odjeca-2\" src=\"http:\/\/m-stil.covermagazin.com\/wp-content\/uploads\/2009\/05\/dior-homme-muska-moda-i-muska-odjeca-2.jpg\" alt=\"dior-homme-muska-moda-i-muska-odjeca-2\" width=\"175\" height=\"350\" \/><\/a><a href=\"http:\/\/m-stil.covermagazin.com\/wp-content\/uploads\/2009\/05\/dior-homme-muska-moda-i-muska-odjeca-3.jpg\"><img loading=\"lazy\" decoding=\"async\" class=\"alignleft size-full wp-image-3655\" title=\"dior-homme-muska-moda-i-muska-odjeca-3\" src=\"http:\/\/m-stil.covermagazin.com\/wp-content\/uploads\/2009\/05\/dior-homme-muska-moda-i-muska-odjeca-3.jpg\" alt=\"dior-homme-muska-moda-i-muska-odjeca-3\" width=\"175\" height=\"350\" \/><\/a><a href=\"http:\/\/m-stil.covermagazin.com\/wp-content\/uploads\/2009\/05\/dior-homme-muska-moda-i-muska-odjeca-4.jpg\"><img loading=\"lazy\" decoding=\"async\" class=\"alignleft size-full wp-image-3656\" title=\"dior-homme-muska-moda-i-muska-odjeca-4\" src=\"http:\/\/m-stil.covermagazin.com\/wp-content\/uploads\/2009\/05\/dior-homme-muska-moda-i-muska-odjeca-4.jpg\" alt=\"dior-homme-muska-moda-i-muska-odjeca-4\" width=\"175\" height=\"350\" \/><\/a><a href=\"http:\/\/m-stil.covermagazin.com\/wp-content\/uploads\/2009\/05\/dior-homme-muska-moda-i-muska-odjeca-5.jpg\"><img loading=\"lazy\" decoding=\"async\" class=\"alignleft size-full wp-image-3657\" title=\"dior-homme-muska-moda-i-muska-odjeca-5\" src=\"http:\/\/m-stil.covermagazin.com\/wp-content\/uploads\/2009\/05\/dior-homme-muska-moda-i-muska-odjeca-5.jpg\" alt=\"dior-homme-muska-moda-i-muska-odjeca-5\" width=\"175\" height=\"350\" \/><\/a><a href=\"http:\/\/m-stil.covermagazin.com\/wp-content\/uploads\/2009\/05\/dior-homme-muska-moda-i-muska-odjeca-6.jpg\"><img loading=\"lazy\" decoding=\"async\" class=\"alignleft size-full wp-image-3658\" title=\"dior-homme-muska-moda-i-muska-odjeca-6\" src=\"http:\/\/m-stil.covermagazin.com\/wp-content\/uploads\/2009\/05\/dior-homme-muska-moda-i-muska-odjeca-6.jpg\" alt=\"dior-homme-muska-moda-i-muska-odjeca-6\" width=\"175\" height=\"350\" \/><\/a><\/p>\n","protected":false},"excerpt":{"rendered":"<p>Dior Homme je linija modne ku\u0107e Dior za mu\u0161karce. Ovu mu\u0161ku kolekciju \u010desto biraju i poznati mu\u0161karci me\u0111u kojima su Pete Doherty, Jude Law, David Bowie, Kanye West, David Beckham, Mick Jagger\u2026<\/p>\n","protected":false},"author":1,"featured_media":0,"comment_status":"open","ping_status":"open","sticky":false,"template":"","format":"standard","meta":{"footnotes":""},"categories":[8],"tags":[46],"class_list":["post-3652","post","type-post","status-publish","format-standard","hentry","category-muska_moda","tag-muska-moda"],"_links":{"self":[{"href":"https:\/\/m-stil.covermagazin.com\/index.php?rest_route=\/wp\/v2\/posts\/3652","targetHints":{"allow":["GET"]}}],"collection":[{"href":"https:\/\/m-stil.covermagazin.com\/index.php?rest_route=\/wp\/v2\/posts"}],"about":[{"href":"https:\/\/m-stil.covermagazin.com\/index.php?rest_route=\/wp\/v2\/types\/post"}],"author":[{"embeddable":true,"href":"https:\/\/m-stil.covermagazin.com\/index.php?rest_route=\/wp\/v2\/users\/1"}],"replies":[{"embeddable":true,"href":"https:\/\/m-stil.covermagazin.com\/index.php?rest_route=%2Fwp%2Fv2%2Fcomments&post=3652"}],"version-history":[{"count":3,"href":"https:\/\/m-stil.covermagazin.com\/index.php?rest_route=\/wp\/v2\/posts\/3652\/revisions"}],"predecessor-version":[{"id":3721,"href":"https:\/\/m-stil.covermagazin.com\/index.php?rest_route=\/wp\/v2\/posts\/3652\/revisions\/3721"}],"wp:attachment":[{"href":"https:\/\/m-stil.covermagazin.com\/index.php?rest_route=%2Fwp%2Fv2%2Fmedia&parent=3652"}],"wp:term":[{"taxonomy":"category","embeddable":true,"href":"https:\/\/m-stil.covermagazin.com\/index.php?rest_route=%2Fwp%2Fv2%2Fcategories&post=3652"},{"taxonomy":"post_tag","embeddable":true,"href":"https:\/\/m-stil.covermagazin.com\/index.php?rest_route=%2Fwp%2Fv2%2Ftags&post=3652"}],"curies":[{"name":"wp","href":"https:\/\/api.w.org\/{rel}","templated":true}]}}