{"id":3788,"date":"2009-05-08T23:04:52","date_gmt":"2009-05-08T21:04:52","guid":{"rendered":"http:\/\/m-stil.covermagazin.com\/?p=3788"},"modified":"2009-05-11T13:14:19","modified_gmt":"2009-05-11T11:14:19","slug":"gianfranco-ferre-muska-moda","status":"publish","type":"post","link":"https:\/\/m-stil.covermagazin.com\/?p=3788","title":{"rendered":"Gianfranco Ferr\u00e9 &#8211; mu\u0161ka moda"},"content":{"rendered":"<p>Gianfranco Ferr\u00e9 predstavljene kolekcije za prolje\u0107e i ljeto 2009. gotovo cijela bila je u neutralnim bojama \u2013 nijansama plave i sme\u0111e.<br \/>\n<a href=\"http:\/\/m-stil.covermagazin.com\/wp-content\/uploads\/2009\/05\/gianfranco-ferre-muska-moda.jpg\"><img loading=\"lazy\" decoding=\"async\" class=\"alignleft size-full wp-image-3789\" title=\"gianfranco-ferre-muska-moda\" src=\"http:\/\/m-stil.covermagazin.com\/wp-content\/uploads\/2009\/05\/gianfranco-ferre-muska-moda.jpg\" alt=\"gianfranco-ferre-muska-moda\" width=\"175\" height=\"350\" \/><\/a><a href=\"http:\/\/m-stil.covermagazin.com\/wp-content\/uploads\/2009\/05\/gianfranco-ferre-muska-moda-2.jpg\"><img loading=\"lazy\" decoding=\"async\" class=\"alignleft size-full wp-image-3790\" title=\"gianfranco-ferre-muska-moda-2\" src=\"http:\/\/m-stil.covermagazin.com\/wp-content\/uploads\/2009\/05\/gianfranco-ferre-muska-moda-2.jpg\" alt=\"gianfranco-ferre-muska-moda-2\" width=\"175\" height=\"350\" \/><\/a><a href=\"http:\/\/m-stil.covermagazin.com\/wp-content\/uploads\/2009\/05\/gianfranco-ferre-muska-moda-3.jpg\"><img loading=\"lazy\" decoding=\"async\" class=\"alignleft size-full wp-image-3791\" title=\"gianfranco-ferre-muska-moda-3\" src=\"http:\/\/m-stil.covermagazin.com\/wp-content\/uploads\/2009\/05\/gianfranco-ferre-muska-moda-3.jpg\" alt=\"gianfranco-ferre-muska-moda-3\" width=\"175\" height=\"350\" \/><\/a><a href=\"http:\/\/m-stil.covermagazin.com\/wp-content\/uploads\/2009\/05\/gianfranco-ferre-muska-moda-4.jpg\"><img loading=\"lazy\" decoding=\"async\" class=\"alignleft size-full wp-image-3792\" title=\"gianfranco-ferre-muska-moda-4\" src=\"http:\/\/m-stil.covermagazin.com\/wp-content\/uploads\/2009\/05\/gianfranco-ferre-muska-moda-4.jpg\" alt=\"gianfranco-ferre-muska-moda-4\" width=\"175\" height=\"350\" \/><\/a><a href=\"http:\/\/m-stil.covermagazin.com\/wp-content\/uploads\/2009\/05\/gianfranco-ferre-muska-moda-5.jpg\"><img loading=\"lazy\" decoding=\"async\" class=\"alignleft size-full wp-image-3793\" title=\"gianfranco-ferre-muska-moda-5\" src=\"http:\/\/m-stil.covermagazin.com\/wp-content\/uploads\/2009\/05\/gianfranco-ferre-muska-moda-5.jpg\" alt=\"gianfranco-ferre-muska-moda-5\" width=\"175\" height=\"350\" \/><\/a><a href=\"http:\/\/m-stil.covermagazin.com\/wp-content\/uploads\/2009\/05\/gianfranco-ferre-muska-moda-6.jpg\"><img loading=\"lazy\" decoding=\"async\" class=\"alignleft size-full wp-image-3794\" title=\"gianfranco-ferre-muska-moda-6\" src=\"http:\/\/m-stil.covermagazin.com\/wp-content\/uploads\/2009\/05\/gianfranco-ferre-muska-moda-6.jpg\" alt=\"gianfranco-ferre-muska-moda-6\" width=\"175\" height=\"350\" \/><\/a><\/p>\n","protected":false},"excerpt":{"rendered":"<p>Gianfranco Ferr\u00e9 predstavljene kolekcije za prolje\u0107e i ljeto 2009. gotovo cijela bila je u neutralnim bojama \u2013 nijansama plave i sme\u0111e.<\/p>\n","protected":false},"author":1,"featured_media":0,"comment_status":"open","ping_status":"open","sticky":false,"template":"","format":"standard","meta":{"footnotes":""},"categories":[8],"tags":[213,46],"class_list":["post-3788","post","type-post","status-publish","format-standard","hentry","category-muska_moda","tag-muska-odjeca","tag-muska-moda"],"_links":{"self":[{"href":"https:\/\/m-stil.covermagazin.com\/index.php?rest_route=\/wp\/v2\/posts\/3788","targetHints":{"allow":["GET"]}}],"collection":[{"href":"https:\/\/m-stil.covermagazin.com\/index.php?rest_route=\/wp\/v2\/posts"}],"about":[{"href":"https:\/\/m-stil.covermagazin.com\/index.php?rest_route=\/wp\/v2\/types\/post"}],"author":[{"embeddable":true,"href":"https:\/\/m-stil.covermagazin.com\/index.php?rest_route=\/wp\/v2\/users\/1"}],"replies":[{"embeddable":true,"href":"https:\/\/m-stil.covermagazin.com\/index.php?rest_route=%2Fwp%2Fv2%2Fcomments&post=3788"}],"version-history":[{"count":5,"href":"https:\/\/m-stil.covermagazin.com\/index.php?rest_route=\/wp\/v2\/posts\/3788\/revisions"}],"predecessor-version":[{"id":4215,"href":"https:\/\/m-stil.covermagazin.com\/index.php?rest_route=\/wp\/v2\/posts\/3788\/revisions\/4215"}],"wp:attachment":[{"href":"https:\/\/m-stil.covermagazin.com\/index.php?rest_route=%2Fwp%2Fv2%2Fmedia&parent=3788"}],"wp:term":[{"taxonomy":"category","embeddable":true,"href":"https:\/\/m-stil.covermagazin.com\/index.php?rest_route=%2Fwp%2Fv2%2Fcategories&post=3788"},{"taxonomy":"post_tag","embeddable":true,"href":"https:\/\/m-stil.covermagazin.com\/index.php?rest_route=%2Fwp%2Fv2%2Ftags&post=3788"}],"curies":[{"name":"wp","href":"https:\/\/api.w.org\/{rel}","templated":true}]}}