{"id":3826,"date":"2009-08-19T12:02:41","date_gmt":"2009-08-19T10:02:41","guid":{"rendered":"http:\/\/m-stil.covermagazin.com\/?p=3826"},"modified":"2009-08-20T15:43:56","modified_gmt":"2009-08-20T13:43:56","slug":"bmw-clever-koncept-trikotaca","status":"publish","type":"post","link":"https:\/\/m-stil.covermagazin.com\/?p=3826","title":{"rendered":"BMW Clever"},"content":{"rendered":"<p>U BMW razmatraju koncepte prijevoznih sredstava na tri kota\u010da koji bi uz smanjenu potro\u0161nju omogu\u0107avali jednostavnije i prakti\u010dnije kretanje po gradu. BMW Clever je jedan od tih koncepata:<\/p>\n<p><a href=\"http:\/\/m-stil.covermagazin.com\/wp-content\/uploads\/2009\/05\/bmw-clever-koncept-1.jpg\"><img loading=\"lazy\" decoding=\"async\" class=\"aligncenter size-full wp-image-3827\" title=\"bmw-clever-koncept-1\" src=\"http:\/\/m-stil.covermagazin.com\/wp-content\/uploads\/2009\/05\/bmw-clever-koncept-1.jpg\" alt=\"bmw-clever-koncept-1\" width=\"580\" height=\"435\" \/><\/a><a href=\"http:\/\/m-stil.covermagazin.com\/wp-content\/uploads\/2009\/05\/bmw-clever-koncept-2.jpg\"><img loading=\"lazy\" decoding=\"async\" class=\"aligncenter size-full wp-image-3828\" title=\"bmw-clever-koncept-2\" src=\"http:\/\/m-stil.covermagazin.com\/wp-content\/uploads\/2009\/05\/bmw-clever-koncept-2.jpg\" alt=\"bmw-clever-koncept-2\" width=\"580\" height=\"435\" \/><\/a><a href=\"http:\/\/m-stil.covermagazin.com\/wp-content\/uploads\/2009\/05\/bmw-clever-koncept-3.jpg\"><img loading=\"lazy\" decoding=\"async\" class=\"aligncenter size-full wp-image-3829\" title=\"bmw-clever-koncept-3\" src=\"http:\/\/m-stil.covermagazin.com\/wp-content\/uploads\/2009\/05\/bmw-clever-koncept-3.jpg\" alt=\"bmw-clever-koncept-3\" width=\"580\" height=\"350\" \/><\/a><a href=\"http:\/\/m-stil.covermagazin.com\/wp-content\/uploads\/2009\/05\/bmw-clever-koncept-4.jpg\"><img loading=\"lazy\" decoding=\"async\" class=\"aligncenter size-full wp-image-3830\" title=\"bmw-clever-koncept-4\" src=\"http:\/\/m-stil.covermagazin.com\/wp-content\/uploads\/2009\/05\/bmw-clever-koncept-4.jpg\" alt=\"bmw-clever-koncept-4\" width=\"580\" height=\"350\" \/><\/a><\/p>\n","protected":false},"excerpt":{"rendered":"<p>U BMW razmatraju koncepte prijevoznih sredstava na tri kota\u010da koji bi uz smanjenu potro\u0161nju omogu\u0107avali jednostavnije i prakti\u010dnije kretanje po gradu. BMW Clever je jedan od tih koncepata:<\/p>\n","protected":false},"author":1,"featured_media":0,"comment_status":"open","ping_status":"open","sticky":false,"template":"","format":"standard","meta":{"footnotes":""},"categories":[10],"tags":[],"class_list":["post-3826","post","type-post","status-publish","format-standard","hentry","category-razonoda"],"_links":{"self":[{"href":"https:\/\/m-stil.covermagazin.com\/index.php?rest_route=\/wp\/v2\/posts\/3826","targetHints":{"allow":["GET"]}}],"collection":[{"href":"https:\/\/m-stil.covermagazin.com\/index.php?rest_route=\/wp\/v2\/posts"}],"about":[{"href":"https:\/\/m-stil.covermagazin.com\/index.php?rest_route=\/wp\/v2\/types\/post"}],"author":[{"embeddable":true,"href":"https:\/\/m-stil.covermagazin.com\/index.php?rest_route=\/wp\/v2\/users\/1"}],"replies":[{"embeddable":true,"href":"https:\/\/m-stil.covermagazin.com\/index.php?rest_route=%2Fwp%2Fv2%2Fcomments&post=3826"}],"version-history":[{"count":10,"href":"https:\/\/m-stil.covermagazin.com\/index.php?rest_route=\/wp\/v2\/posts\/3826\/revisions"}],"predecessor-version":[{"id":6560,"href":"https:\/\/m-stil.covermagazin.com\/index.php?rest_route=\/wp\/v2\/posts\/3826\/revisions\/6560"}],"wp:attachment":[{"href":"https:\/\/m-stil.covermagazin.com\/index.php?rest_route=%2Fwp%2Fv2%2Fmedia&parent=3826"}],"wp:term":[{"taxonomy":"category","embeddable":true,"href":"https:\/\/m-stil.covermagazin.com\/index.php?rest_route=%2Fwp%2Fv2%2Fcategories&post=3826"},{"taxonomy":"post_tag","embeddable":true,"href":"https:\/\/m-stil.covermagazin.com\/index.php?rest_route=%2Fwp%2Fv2%2Ftags&post=3826"}],"curies":[{"name":"wp","href":"https:\/\/api.w.org\/{rel}","templated":true}]}}