{"id":3885,"date":"2009-08-19T12:01:09","date_gmt":"2009-08-19T10:01:09","guid":{"rendered":"http:\/\/m-stil.covermagazin.com\/?p=3885"},"modified":"2020-11-22T12:15:04","modified_gmt":"2020-11-22T10:15:04","slug":"john-galliano-%e2%80%93-kolekcija-za-ljeto-2009","status":"publish","type":"post","link":"https:\/\/m-stil.covermagazin.com\/?p=3885","title":{"rendered":"John Galliano \u2013 kolekcija za ljeto"},"content":{"rendered":"<p>Dizajner John Galliano za ovo ljeto vidi vedre i zaigrane mu\u0161karce. Njegova kolekcija mu\u0161ke mode je vesela i \u017eivih boja.<br \/>\nJohn Galliano ve\u0107inu odu\u0161evljava svojim umije\u0107em, no ako vi mo\u017eda niste od njih ne trebate se tjerati da vam se svide njegove kolekcije.<\/p>\n<p><a href=\"http:\/\/m-stil.covermagazin.com\/wp-content\/uploads\/2009\/05\/john-galliano-muska-moda-1.jpg\"><img loading=\"lazy\" decoding=\"async\" class=\"alignleft size-full wp-image-3886\" title=\"john-galliano-muska-moda-1\" src=\"http:\/\/m-stil.covermagazin.com\/wp-content\/uploads\/2009\/05\/john-galliano-muska-moda-1.jpg\" alt=\"john-galliano-muska-moda-1\" width=\"175\" height=\"269\" \/><\/a><a href=\"http:\/\/m-stil.covermagazin.com\/wp-content\/uploads\/2009\/05\/john-galliano-muska-moda-2.jpg\"><img loading=\"lazy\" decoding=\"async\" class=\"alignleft size-full wp-image-3887\" title=\"john-galliano-muska-moda-2\" src=\"http:\/\/m-stil.covermagazin.com\/wp-content\/uploads\/2009\/05\/john-galliano-muska-moda-2.jpg\" alt=\"john-galliano-muska-moda-2\" width=\"175\" height=\"269\" \/><\/a><a href=\"http:\/\/m-stil.covermagazin.com\/wp-content\/uploads\/2009\/05\/john-galliano-muska-moda-3.jpg\"><img loading=\"lazy\" decoding=\"async\" class=\"alignleft size-full wp-image-3888\" title=\"john-galliano-muska-moda-3\" src=\"http:\/\/m-stil.covermagazin.com\/wp-content\/uploads\/2009\/05\/john-galliano-muska-moda-3.jpg\" alt=\"john-galliano-muska-moda-3\" width=\"175\" height=\"269\" \/><\/a><a href=\"http:\/\/m-stil.covermagazin.com\/wp-content\/uploads\/2009\/05\/john-galliano-muska-moda-4.jpg\"><img loading=\"lazy\" decoding=\"async\" class=\"alignleft size-full wp-image-3889\" title=\"john-galliano-muska-moda-4\" src=\"http:\/\/m-stil.covermagazin.com\/wp-content\/uploads\/2009\/05\/john-galliano-muska-moda-4.jpg\" alt=\"john-galliano-muska-moda-4\" width=\"175\" height=\"269\" \/><\/a><a href=\"http:\/\/m-stil.covermagazin.com\/wp-content\/uploads\/2009\/05\/john-galliano-muska-moda-5.jpg\"><img loading=\"lazy\" decoding=\"async\" class=\"alignleft size-full wp-image-3890\" title=\"john-galliano-muska-moda-5\" src=\"http:\/\/m-stil.covermagazin.com\/wp-content\/uploads\/2009\/05\/john-galliano-muska-moda-5.jpg\" alt=\"john-galliano-muska-moda-5\" width=\"175\" height=\"269\" \/><\/a><\/p>\n","protected":false},"excerpt":{"rendered":"<p>Dizajner John Galliano za ovo ljeto vidi vedre i zaigrane mu\u0161karce. Njegova kolekcija mu\u0161ke mode je vesela i \u017eivih boja. <\/p>\n","protected":false},"author":1,"featured_media":0,"comment_status":"open","ping_status":"open","sticky":false,"template":"","format":"standard","meta":{"footnotes":""},"categories":[8],"tags":[46],"class_list":["post-3885","post","type-post","status-publish","format-standard","hentry","category-muska_moda","tag-muska-moda"],"_links":{"self":[{"href":"https:\/\/m-stil.covermagazin.com\/index.php?rest_route=\/wp\/v2\/posts\/3885","targetHints":{"allow":["GET"]}}],"collection":[{"href":"https:\/\/m-stil.covermagazin.com\/index.php?rest_route=\/wp\/v2\/posts"}],"about":[{"href":"https:\/\/m-stil.covermagazin.com\/index.php?rest_route=\/wp\/v2\/types\/post"}],"author":[{"embeddable":true,"href":"https:\/\/m-stil.covermagazin.com\/index.php?rest_route=\/wp\/v2\/users\/1"}],"replies":[{"embeddable":true,"href":"https:\/\/m-stil.covermagazin.com\/index.php?rest_route=%2Fwp%2Fv2%2Fcomments&post=3885"}],"version-history":[{"count":7,"href":"https:\/\/m-stil.covermagazin.com\/index.php?rest_route=\/wp\/v2\/posts\/3885\/revisions"}],"predecessor-version":[{"id":35398,"href":"https:\/\/m-stil.covermagazin.com\/index.php?rest_route=\/wp\/v2\/posts\/3885\/revisions\/35398"}],"wp:attachment":[{"href":"https:\/\/m-stil.covermagazin.com\/index.php?rest_route=%2Fwp%2Fv2%2Fmedia&parent=3885"}],"wp:term":[{"taxonomy":"category","embeddable":true,"href":"https:\/\/m-stil.covermagazin.com\/index.php?rest_route=%2Fwp%2Fv2%2Fcategories&post=3885"},{"taxonomy":"post_tag","embeddable":true,"href":"https:\/\/m-stil.covermagazin.com\/index.php?rest_route=%2Fwp%2Fv2%2Ftags&post=3885"}],"curies":[{"name":"wp","href":"https:\/\/api.w.org\/{rel}","templated":true}]}}