{"id":4063,"date":"2009-05-15T09:32:03","date_gmt":"2009-05-15T07:32:03","guid":{"rendered":"http:\/\/m-stil.covermagazin.com\/?p=4063"},"modified":"2020-11-22T12:09:52","modified_gmt":"2020-11-22T10:09:52","slug":"jil-sander-%e2%80%93-muska-moda-za-ljeto-2009","status":"publish","type":"post","link":"https:\/\/m-stil.covermagazin.com\/?p=4063","title":{"rendered":"Jil Sander \u2013 mu\u0161ka moda za ljeto"},"content":{"rendered":"<p>Jil Sander mu\u0161ka moda za ljeto puna je jakih boja, \u017eute, plave\u2026koje se kombiniraju s bijelom i crnom.<\/p>\n<p><a href=\"http:\/\/m-stil.covermagazin.com\/wp-content\/uploads\/2009\/05\/jil-sander-e28093-muska-moda-za-ljeto-2009.jpg\"><img loading=\"lazy\" decoding=\"async\" class=\"alignleft size-full wp-image-4064\" title=\"jil-sander-e28093-muska-moda-za-ljeto-2009\" src=\"http:\/\/m-stil.covermagazin.com\/wp-content\/uploads\/2009\/05\/jil-sander-e28093-muska-moda-za-ljeto-2009.jpg\" alt=\"jil-sander-e28093-muska-moda-za-ljeto-2009\" width=\"175\" height=\"269\" \/><\/a><a href=\"http:\/\/m-stil.covermagazin.com\/wp-content\/uploads\/2009\/05\/jil-sander-e28093-muska-moda-za-ljeto-2009-2.jpg\"><img loading=\"lazy\" decoding=\"async\" class=\"alignleft size-full wp-image-4065\" title=\"jil-sander-e28093-muska-moda-za-ljeto-2009-2\" src=\"http:\/\/m-stil.covermagazin.com\/wp-content\/uploads\/2009\/05\/jil-sander-e28093-muska-moda-za-ljeto-2009-2.jpg\" alt=\"jil-sander-e28093-muska-moda-za-ljeto-2009-2\" width=\"175\" height=\"269\" \/><\/a><a href=\"http:\/\/m-stil.covermagazin.com\/wp-content\/uploads\/2009\/05\/jil-sander-e28093-muska-moda-za-ljeto-2009-3.jpg\"><img loading=\"lazy\" decoding=\"async\" class=\"alignleft size-full wp-image-4066\" title=\"jil-sander-e28093-muska-moda-za-ljeto-2009-3\" src=\"http:\/\/m-stil.covermagazin.com\/wp-content\/uploads\/2009\/05\/jil-sander-e28093-muska-moda-za-ljeto-2009-3.jpg\" alt=\"jil-sander-e28093-muska-moda-za-ljeto-2009-3\" width=\"175\" height=\"269\" \/><\/a><a href=\"http:\/\/m-stil.covermagazin.com\/wp-content\/uploads\/2009\/05\/jil-sander-e28093-muska-moda-za-ljeto-2009-4.jpg\"><img loading=\"lazy\" decoding=\"async\" class=\"alignleft size-full wp-image-4067\" title=\"jil-sander-e28093-muska-moda-za-ljeto-2009-4\" src=\"http:\/\/m-stil.covermagazin.com\/wp-content\/uploads\/2009\/05\/jil-sander-e28093-muska-moda-za-ljeto-2009-4.jpg\" alt=\"jil-sander-e28093-muska-moda-za-ljeto-2009-4\" width=\"175\" height=\"269\" \/><\/a><a href=\"http:\/\/m-stil.covermagazin.com\/wp-content\/uploads\/2009\/05\/jil-sander-e28093-muska-moda-za-ljeto-2009-5.jpg\"><img loading=\"lazy\" decoding=\"async\" class=\"alignleft size-full wp-image-4068\" title=\"jil-sander-e28093-muska-moda-za-ljeto-2009-5\" src=\"http:\/\/m-stil.covermagazin.com\/wp-content\/uploads\/2009\/05\/jil-sander-e28093-muska-moda-za-ljeto-2009-5.jpg\" alt=\"jil-sander-e28093-muska-moda-za-ljeto-2009-5\" width=\"175\" height=\"269\" \/><\/a><a href=\"http:\/\/m-stil.covermagazin.com\/wp-content\/uploads\/2009\/05\/jil-sander-e28093-muska-moda-za-ljeto-2009-6.jpg\"><img loading=\"lazy\" decoding=\"async\" class=\"alignleft size-full wp-image-4069\" title=\"jil-sander-e28093-muska-moda-za-ljeto-2009-6\" src=\"http:\/\/m-stil.covermagazin.com\/wp-content\/uploads\/2009\/05\/jil-sander-e28093-muska-moda-za-ljeto-2009-6.jpg\" alt=\"jil-sander-e28093-muska-moda-za-ljeto-2009-6\" width=\"175\" height=\"269\" \/><\/a><\/p>\n","protected":false},"excerpt":{"rendered":"<p>Jil Sander mu\u0161ka moda za ljeto  puna je jakih boja, \u017eute, plave\u2026koje se kombiniraju s bijelom i crnom. <\/p>\n","protected":false},"author":1,"featured_media":0,"comment_status":"open","ping_status":"open","sticky":false,"template":"","format":"standard","meta":{"footnotes":""},"categories":[8],"tags":[46],"class_list":["post-4063","post","type-post","status-publish","format-standard","hentry","category-muska_moda","tag-muska-moda"],"_links":{"self":[{"href":"https:\/\/m-stil.covermagazin.com\/index.php?rest_route=\/wp\/v2\/posts\/4063","targetHints":{"allow":["GET"]}}],"collection":[{"href":"https:\/\/m-stil.covermagazin.com\/index.php?rest_route=\/wp\/v2\/posts"}],"about":[{"href":"https:\/\/m-stil.covermagazin.com\/index.php?rest_route=\/wp\/v2\/types\/post"}],"author":[{"embeddable":true,"href":"https:\/\/m-stil.covermagazin.com\/index.php?rest_route=\/wp\/v2\/users\/1"}],"replies":[{"embeddable":true,"href":"https:\/\/m-stil.covermagazin.com\/index.php?rest_route=%2Fwp%2Fv2%2Fcomments&post=4063"}],"version-history":[{"count":3,"href":"https:\/\/m-stil.covermagazin.com\/index.php?rest_route=\/wp\/v2\/posts\/4063\/revisions"}],"predecessor-version":[{"id":35381,"href":"https:\/\/m-stil.covermagazin.com\/index.php?rest_route=\/wp\/v2\/posts\/4063\/revisions\/35381"}],"wp:attachment":[{"href":"https:\/\/m-stil.covermagazin.com\/index.php?rest_route=%2Fwp%2Fv2%2Fmedia&parent=4063"}],"wp:term":[{"taxonomy":"category","embeddable":true,"href":"https:\/\/m-stil.covermagazin.com\/index.php?rest_route=%2Fwp%2Fv2%2Fcategories&post=4063"},{"taxonomy":"post_tag","embeddable":true,"href":"https:\/\/m-stil.covermagazin.com\/index.php?rest_route=%2Fwp%2Fv2%2Ftags&post=4063"}],"curies":[{"name":"wp","href":"https:\/\/api.w.org\/{rel}","templated":true}]}}