{"id":7102,"date":"2009-09-17T18:45:31","date_gmt":"2009-09-17T16:45:31","guid":{"rendered":"http:\/\/m-stil.covermagazin.com\/?p=7102"},"modified":"2020-06-04T10:18:54","modified_gmt":"2020-06-04T08:18:54","slug":"muske-frizure","status":"publish","type":"post","link":"https:\/\/m-stil.covermagazin.com\/?p=7102","title":{"rendered":"Mu\u0161ke frizure"},"content":{"rendered":"<p>Pro\u010ditajte i:<\/p>\n<blockquote class=\"wp-embedded-content\" data-secret=\"Ya6uT4APhe\"><p><a href=\"https:\/\/m-stil.covermagazin.com\/?p=33733\">62 mu\u0161ke frizure za kratku, srednje dugu i dugu kosu<\/a><\/p><\/blockquote>\n<p><iframe loading=\"lazy\" class=\"wp-embedded-content\" sandbox=\"allow-scripts\" security=\"restricted\" style=\"position: absolute; visibility: hidden;\" title=\"&#8220;62 mu\u0161ke frizure za kratku, srednje dugu i dugu kosu&#8221; &#8212; M stil\" src=\"https:\/\/m-stil.covermagazin.com\/?p=33733&#038;embed=true#?secret=rH46d0dNhA#?secret=Ya6uT4APhe\" data-secret=\"Ya6uT4APhe\" width=\"500\" height=\"282\" frameborder=\"0\" marginwidth=\"0\" marginheight=\"0\" scrolling=\"no\"><\/iframe><\/p>\n<p>&nbsp;<\/p>\n<p>Mu\u0161ke frizure za slijede\u0107u sezonu predstavljene su na revijama zajedno s odje\u0107om. Ovo su samo neke od top mu\u0161kih frizura:<\/p>\n<p><a href=\"http:\/\/m-stil.covermagazin.com\/wp-content\/uploads\/2009\/09\/mu\u0161ke-frizure-1.jpg\"><img loading=\"lazy\" decoding=\"async\" class=\"aligncenter size-full wp-image-7103\" title=\"mu\u0161ke frizure -1\" src=\"http:\/\/m-stil.covermagazin.com\/wp-content\/uploads\/2009\/09\/mu\u0161ke-frizure-1.jpg\" alt=\"mu\u0161ke frizure -1\" width=\"250\" height=\"250\" \/><\/a><a href=\"http:\/\/m-stil.covermagazin.com\/wp-content\/uploads\/2009\/09\/mu\u0161ke-frizure-2.jpg\"><img loading=\"lazy\" decoding=\"async\" class=\"aligncenter size-full wp-image-7104\" title=\"mu\u0161ke frizure -2\" src=\"http:\/\/m-stil.covermagazin.com\/wp-content\/uploads\/2009\/09\/mu\u0161ke-frizure-2.jpg\" alt=\"mu\u0161ke frizure -2\" width=\"250\" height=\"250\" \/><\/a><a href=\"http:\/\/m-stil.covermagazin.com\/wp-content\/uploads\/2009\/09\/mu\u0161ke-frizure-3.jpg\"><img loading=\"lazy\" decoding=\"async\" class=\"aligncenter size-full wp-image-7105\" title=\"mu\u0161ke frizure -3\" src=\"http:\/\/m-stil.covermagazin.com\/wp-content\/uploads\/2009\/09\/mu\u0161ke-frizure-3.jpg\" alt=\"mu\u0161ke frizure -3\" width=\"250\" height=\"250\" \/><\/a><a href=\"http:\/\/m-stil.covermagazin.com\/wp-content\/uploads\/2009\/09\/mu\u0161ke-frizure-4.jpg\"><img loading=\"lazy\" decoding=\"async\" class=\"aligncenter size-full wp-image-7106\" title=\"mu\u0161ke frizure -4\" src=\"http:\/\/m-stil.covermagazin.com\/wp-content\/uploads\/2009\/09\/mu\u0161ke-frizure-4.jpg\" alt=\"mu\u0161ke frizure -4\" width=\"250\" height=\"250\" \/><\/a><a href=\"http:\/\/m-stil.covermagazin.com\/wp-content\/uploads\/2009\/09\/mu\u0161ke-frizure-5.jpg\"><img loading=\"lazy\" decoding=\"async\" class=\"aligncenter size-full wp-image-7107\" title=\"mu\u0161ke frizure -5\" src=\"http:\/\/m-stil.covermagazin.com\/wp-content\/uploads\/2009\/09\/mu\u0161ke-frizure-5.jpg\" alt=\"mu\u0161ke frizure -5\" width=\"255\" height=\"255\" \/><\/a><\/p>\n","protected":false},"excerpt":{"rendered":"<p>Mu\u0161ke frizure za slijede\u0107u sezonu predstavljene su na revijama zajedno s odje\u0107om.<\/p>\n","protected":false},"author":1,"featured_media":0,"comment_status":"open","ping_status":"open","sticky":false,"template":"","format":"standard","meta":{"footnotes":""},"categories":[8],"tags":[102],"class_list":["post-7102","post","type-post","status-publish","format-standard","hentry","category-muska_moda","tag-muske-frizure"],"_links":{"self":[{"href":"https:\/\/m-stil.covermagazin.com\/index.php?rest_route=\/wp\/v2\/posts\/7102","targetHints":{"allow":["GET"]}}],"collection":[{"href":"https:\/\/m-stil.covermagazin.com\/index.php?rest_route=\/wp\/v2\/posts"}],"about":[{"href":"https:\/\/m-stil.covermagazin.com\/index.php?rest_route=\/wp\/v2\/types\/post"}],"author":[{"embeddable":true,"href":"https:\/\/m-stil.covermagazin.com\/index.php?rest_route=\/wp\/v2\/users\/1"}],"replies":[{"embeddable":true,"href":"https:\/\/m-stil.covermagazin.com\/index.php?rest_route=%2Fwp%2Fv2%2Fcomments&post=7102"}],"version-history":[{"count":5,"href":"https:\/\/m-stil.covermagazin.com\/index.php?rest_route=\/wp\/v2\/posts\/7102\/revisions"}],"predecessor-version":[{"id":34381,"href":"https:\/\/m-stil.covermagazin.com\/index.php?rest_route=\/wp\/v2\/posts\/7102\/revisions\/34381"}],"wp:attachment":[{"href":"https:\/\/m-stil.covermagazin.com\/index.php?rest_route=%2Fwp%2Fv2%2Fmedia&parent=7102"}],"wp:term":[{"taxonomy":"category","embeddable":true,"href":"https:\/\/m-stil.covermagazin.com\/index.php?rest_route=%2Fwp%2Fv2%2Fcategories&post=7102"},{"taxonomy":"post_tag","embeddable":true,"href":"https:\/\/m-stil.covermagazin.com\/index.php?rest_route=%2Fwp%2Fv2%2Ftags&post=7102"}],"curies":[{"name":"wp","href":"https:\/\/api.w.org\/{rel}","templated":true}]}}