{"id":9739,"date":"2010-02-09T13:52:13","date_gmt":"2010-02-09T11:52:13","guid":{"rendered":"http:\/\/m-stil.covermagazin.com\/?p=9739"},"modified":"2010-02-17T13:46:54","modified_gmt":"2010-02-17T11:46:54","slug":"mini-koji-govori","status":"publish","type":"post","link":"https:\/\/m-stil.covermagazin.com\/?p=9739","title":{"rendered":"Mini koji govori"},"content":{"rendered":"<p>Posljednji model Minija mo\u017eda je dizajniran u Njema\u010dkoj, ali govori engleskim jezikom. Mini u novoj izvedbi je\u00a0 automobil koji \u010davrlja s voza\u010dem. On \u0107e vam re\u0107i ako trebate usporiti, zatvoriti prozor na krovu radi u\u0161tede goriva, ako je na cesti poledica ili vam je gorivo pri kraju i trebate na benzinsku\u2026<\/p>\n<p style=\"text-align: center;\"><a href=\"http:\/\/m-stil.covermagazin.com\/wp-content\/uploads\/2010\/02\/Mini-1.jpg\"><img loading=\"lazy\" decoding=\"async\" class=\"aligncenter size-full wp-image-9740\" title=\"Mini-1\" src=\"http:\/\/m-stil.covermagazin.com\/wp-content\/uploads\/2010\/02\/Mini-1.jpg\" alt=\"Mini-1\" width=\"540\" height=\"360\" \/><\/a><\/p>\n<p style=\"text-align: center;\"><a href=\"http:\/\/m-stil.covermagazin.com\/wp-content\/uploads\/2010\/02\/Mini-1-1.jpg\"><img loading=\"lazy\" decoding=\"async\" class=\"aligncenter size-full wp-image-9741\" title=\"Mini-1-1\" src=\"http:\/\/m-stil.covermagazin.com\/wp-content\/uploads\/2010\/02\/Mini-1-1.jpg\" alt=\"Mini-1-1\" width=\"540\" height=\"360\" \/><\/a><\/p>\n<p style=\"text-align: center;\"><a href=\"http:\/\/m-stil.covermagazin.com\/wp-content\/uploads\/2010\/02\/Mini-2.jpg\"><img loading=\"lazy\" decoding=\"async\" class=\"aligncenter size-full wp-image-9742\" title=\"Mini-2\" src=\"http:\/\/m-stil.covermagazin.com\/wp-content\/uploads\/2010\/02\/Mini-2.jpg\" alt=\"Mini-2\" width=\"540\" height=\"360\" \/><\/a><\/p>\n<p style=\"text-align: center;\"><a href=\"http:\/\/m-stil.covermagazin.com\/wp-content\/uploads\/2010\/02\/Mini-3.jpg\"><img loading=\"lazy\" decoding=\"async\" class=\"aligncenter size-full wp-image-9743\" title=\"Mini-3\" src=\"http:\/\/m-stil.covermagazin.com\/wp-content\/uploads\/2010\/02\/Mini-3.jpg\" alt=\"Mini-3\" width=\"540\" height=\"360\" \/><\/a><\/p>\n<p style=\"text-align: center;\"><a href=\"http:\/\/m-stil.covermagazin.com\/wp-content\/uploads\/2010\/02\/Mini-4.jpg\"><img loading=\"lazy\" decoding=\"async\" class=\"aligncenter size-full wp-image-9744\" title=\"Mini-4\" src=\"http:\/\/m-stil.covermagazin.com\/wp-content\/uploads\/2010\/02\/Mini-4.jpg\" alt=\"Mini-4\" width=\"540\" height=\"360\" \/><\/a><\/p>\n","protected":false},"excerpt":{"rendered":"<p>Posljednji model Minija mo\u017eda je dizajniran u Njema\u010dkoj, ali govori engleskim jezikom. Mini u novoj izvedbi je  automobil koji \u010davrlja s voza\u010dem. On \u0107e vam re\u0107i ako trebate usporiti, zatvoriti prozor na krovu radi u\u0161tede goriva&#8230;<\/p>\n","protected":false},"author":1,"featured_media":0,"comment_status":"open","ping_status":"open","sticky":false,"template":"","format":"standard","meta":{"footnotes":""},"categories":[134],"tags":[],"class_list":["post-9739","post","type-post","status-publish","format-standard","hentry","category-slike_automobila"],"_links":{"self":[{"href":"https:\/\/m-stil.covermagazin.com\/index.php?rest_route=\/wp\/v2\/posts\/9739","targetHints":{"allow":["GET"]}}],"collection":[{"href":"https:\/\/m-stil.covermagazin.com\/index.php?rest_route=\/wp\/v2\/posts"}],"about":[{"href":"https:\/\/m-stil.covermagazin.com\/index.php?rest_route=\/wp\/v2\/types\/post"}],"author":[{"embeddable":true,"href":"https:\/\/m-stil.covermagazin.com\/index.php?rest_route=\/wp\/v2\/users\/1"}],"replies":[{"embeddable":true,"href":"https:\/\/m-stil.covermagazin.com\/index.php?rest_route=%2Fwp%2Fv2%2Fcomments&post=9739"}],"version-history":[{"count":7,"href":"https:\/\/m-stil.covermagazin.com\/index.php?rest_route=\/wp\/v2\/posts\/9739\/revisions"}],"predecessor-version":[{"id":9750,"href":"https:\/\/m-stil.covermagazin.com\/index.php?rest_route=\/wp\/v2\/posts\/9739\/revisions\/9750"}],"wp:attachment":[{"href":"https:\/\/m-stil.covermagazin.com\/index.php?rest_route=%2Fwp%2Fv2%2Fmedia&parent=9739"}],"wp:term":[{"taxonomy":"category","embeddable":true,"href":"https:\/\/m-stil.covermagazin.com\/index.php?rest_route=%2Fwp%2Fv2%2Fcategories&post=9739"},{"taxonomy":"post_tag","embeddable":true,"href":"https:\/\/m-stil.covermagazin.com\/index.php?rest_route=%2Fwp%2Fv2%2Ftags&post=9739"}],"curies":[{"name":"wp","href":"https:\/\/api.w.org\/{rel}","templated":true}]}}